{"id":9234,"date":"2020-09-03T11:36:27","date_gmt":"2020-09-03T09:36:27","guid":{"rendered":"https:\/\/dotrelations.pl\/news\/?p=9234"},"modified":"2020-09-03T11:44:46","modified_gmt":"2020-09-03T09:44:46","slug":"john-deere-oglasza-zmiane-w-zarzadzie","status":"publish","type":"post","link":"https:\/\/dotrelations.pl\/news\/2020\/09\/03\/john-deere-oglasza-zmiane-w-zarzadzie\/","title":{"rendered":"John Deere og\u0142asza zmian\u0119 w zarz\u0105dzie"},"content":{"rendered":"\n<p><em>Mannheim, 2 wrze\u015bnia 2020<\/em> \u2014 firma John Deere og\u0142osi\u0142a zmian\u0119 w kierownictwie\nwy\u017cszego szczebla dotycz\u0105c\u0105 oddzia\u0142u w Europie, Afryce oraz na Bliskim i\n\u015arodkowym Wschodzie. Tym samym Alejandro Sayago obejmie rol\u0119 wiceprezesa ds.\nsprzeda\u017cy i marketingu maszyn rolniczych i do piel\u0119gnacji teren\u00f3w zieleni w\nregionie 2. Zast\u0105pi tym samym Denny&#8217;ego Docherty, kt\u00f3ry odejdzie na emerytur\u0119 z\ndniem 31 pa\u017adziernika 2020. <\/p>\n\n\n\n<p>Piastuj\u0105c nowe stanowisko, Alejandro Sayago b\u0119dzie\nnadal zarz\u0105dza\u0142 zespo\u0142em odpowiedzialnym za wdra\u017canie strategii Grow Time w\nregionie oraz zadba o pomy\u015bln\u0105 realizacj\u0119 modelu Smart Industrial. Skupi si\u0119\ntak\u017ce na przej\u015bciu centralnej organizacji sprzeda\u017cy i marketingu do siedziby w\nWalldorf (Niemcy). Dodatkowo, b\u0119dzie kontynuowa\u0142 wysi\u0142ki firmy nakierowane na\nutworzenie najbardziej rozbudowanej sieci dealer\u00f3w maszyn rolniczych i maszyn do\npiel\u0119gnacji teren\u00f3w zieleni w regionie. Alejandro obejmie nowe stanowisko z\ndniem 1 pa\u017adziernika. <\/p>\n\n\n\n<p>Alejandro do\u0142\u0105czy\u0142 do firmy w 1992 roku jako\nin\u017cynier w John Deere Industrias w Meksyku, obejmuj\u0105c stanowiska\nadministracyjne i operacyjne. P\u00f3\u017aniej zosta\u0142 oddelegowany do realizacji zada\u0144 z\nobszaru marketingu, sprzeda\u017cy i strategii dzia\u0142ania w Stanach Zjednoczonych, Urugwaju\ni Brazylii. W 2012 roku zosta\u0142 dyrektorem jednostki biznesowej Maszyny rolnicze\ni do piel\u0119gnacji teren\u00f3w zieleni, skupiaj\u0105c si\u0119 na dzia\u0142aniach strategicznych.\nDwa lata p\u00f3\u017aniej zosta\u0142 dyrektorem ds. sprzeda\u017cy i marketingu odpowiedzialnym\nza dzia\u0142ania w Ameryce \u0141aci\u0144skiej (region 3). Od lutego 2019 r. Alex jest\ndyrektorem ds. strategii korporacyjnej i rozwoju biznesowego. Ponadto pomaga\nopracowywa\u0107 model Smart Industrial.<\/p>\n\n\n\n<p>&#8222;Alejandro jest jednym z moich zaufanych\ndoradc\u00f3w. Pomaga opracowywa\u0107 strategi\u0119 Grow Time, kt\u00f3ra w pe\u0142ni wpisuje si\u0119 w\nmodel Smart Industrial&#8221;, powiedzia\u0142 Denny Docherty. &#8222;Znam Alexa\nzar\u00f3wno prywatnie, jak i zawodowo, od 15 lat i mog\u0119 zapewni\u0107, \u017ce region i\ndealerzy John Deere zyskuj\u0105 doskona\u0142ego lidera i \u015bwietnego wsp\u00f3\u0142pracownika&#8221;,\ndoda\u0142 Docherty.<strong><\/strong><\/p>\n\n\n\n<p>Denny Docherty do\u0142\u0105czy\u0142 do zespo\u0142u Deere w 1998\nroku i piastowa\u0142 r\u00f3\u017cne stanowiska kierownicze w obszarze sprzeda\u017cy, marketingu\noraz dzia\u0142a\u0144 strategicznych. W styczniu 2019 roku obj\u0105\u0142 swoj\u0105 bie\u017c\u0105c\u0105 rol\u0119 i\nsta\u0142 si\u0119 odpowiedzialny za koordynowanie sprzeda\u017c\u0105 oraz aktywno\u015bciami\nmarketingowymi w regionie 2. Przewodniczy\u0142 zespo\u0142owi odpowiedzialnemu za\nwdra\u017canie strategii Grow Time, kt\u00f3ry za jego kadencji rzeczywi\u015bcie poczyni\u0142\nspore post\u0119py i jest na dobrej drodze do osi\u0105gni\u0119cia zamierzonych cel\u00f3w. W\ntrakcie swojej kariery w firmie Denny wyr\u00f3\u017cnia\u0142 si\u0119 bogatym do\u015bwiadczeniem z\nzakresu sprzeda\u017cy i marketingu, z pasj\u0105 podchodzi\u0142 do kwestii obs\u0142ugi klienta,\ndoskonale rozumiej\u0105c istotn\u0105 rol\u0119 kana\u0142\u00f3w dealerskich. Cechowa\u0142o go tak\u017ce\nnakierowanie na osi\u0105ganie jak najlepszych wynik\u00f3w. Z powod\u00f3w rodzinnych Denny\nzdecydowa\u0142 si\u0119 odej\u015b\u0107 na emerytur\u0119 z dniem 31 pa\u017adziernika 2020.<\/p>\n","protected":false},"excerpt":{"rendered":"<p>Mannheim, 2 wrze\u015bnia 2020 \u2014 firma John Deere og\u0142osi\u0142a zmian\u0119 w kierownictwie wy\u017cszego szczebla dotycz\u0105c\u0105 oddzia\u0142u w Europie, Afryce oraz na Bliskim i \u015arodkowym Wschodzie. Tym samym Alejandro Sayago obejmie rol\u0119 wiceprezesa ds. sprzeda\u017cy i marketingu maszyn rolniczych i do [&hellip;]<\/p>\n","protected":false},"author":4,"featured_media":9243,"comment_status":"open","ping_status":"open","sticky":false,"template":"","format":"standard","meta":[],"categories":[48],"tags":[56,252],"aioseo_notices":[],"_links":{"self":[{"href":"https:\/\/dotrelations.pl\/news\/wp-json\/wp\/v2\/posts\/9234"}],"collection":[{"href":"https:\/\/dotrelations.pl\/news\/wp-json\/wp\/v2\/posts"}],"about":[{"href":"https:\/\/dotrelations.pl\/news\/wp-json\/wp\/v2\/types\/post"}],"author":[{"embeddable":true,"href":"https:\/\/dotrelations.pl\/news\/wp-json\/wp\/v2\/users\/4"}],"replies":[{"embeddable":true,"href":"https:\/\/dotrelations.pl\/news\/wp-json\/wp\/v2\/comments?post=9234"}],"version-history":[{"count":1,"href":"https:\/\/dotrelations.pl\/news\/wp-json\/wp\/v2\/posts\/9234\/revisions"}],"predecessor-version":[{"id":9241,"href":"https:\/\/dotrelations.pl\/news\/wp-json\/wp\/v2\/posts\/9234\/revisions\/9241"}],"wp:featuredmedia":[{"embeddable":true,"href":"https:\/\/dotrelations.pl\/news\/wp-json\/wp\/v2\/media\/9243"}],"wp:attachment":[{"href":"https:\/\/dotrelations.pl\/news\/wp-json\/wp\/v2\/media?parent=9234"}],"wp:term":[{"taxonomy":"category","embeddable":true,"href":"https:\/\/dotrelations.pl\/news\/wp-json\/wp\/v2\/categories?post=9234"},{"taxonomy":"post_tag","embeddable":true,"href":"https:\/\/dotrelations.pl\/news\/wp-json\/wp\/v2\/tags?post=9234"}],"curies":[{"name":"wp","href":"https:\/\/api.w.org\/{rel}","templated":true}]}}