{"id":8229,"date":"2019-11-06T16:10:58","date_gmt":"2019-11-06T15:10:58","guid":{"rendered":"https:\/\/dotrelations.pl\/news\/?p=8229"},"modified":"2019-11-07T13:05:14","modified_gmt":"2019-11-07T12:05:14","slug":"od-kilku-pracownikow-do-jednego-z-wiekszych-gospodarstw-w-kraju-jak-rodzila-sie-potega-agrofirmy-witkowo","status":"publish","type":"post","link":"https:\/\/dotrelations.pl\/news\/2019\/11\/06\/od-kilku-pracownikow-do-jednego-z-wiekszych-gospodarstw-w-kraju-jak-rodzila-sie-potega-agrofirmy-witkowo\/","title":{"rendered":"Od kilku pracownik\u00f3w do jednego z wi\u0119kszych gospodarstw w kraju. Jak rodzi\u0142a si\u0119 pot\u0119ga Agrofirmy Witkowo?"},"content":{"rendered":"<p><strong>Niemal 70 lat tradycji, oko\u0142o 1200 pracownik\u00f3w, b\u0119d\u0105cych jednocze\u015bnie cz\u0142onkami sp\u00f3\u0142dzielni oraz skuteczna dzia\u0142alno\u015b\u0107 na kilku p\u0142aszczyznach \u2013 przygl\u0105damy si\u0119 z bliska Agrofirmie Witkowo, jednemu z najwi\u0119kszych gospodarstw rolnych w kraju.<\/strong><\/p>\n<p>&nbsp;<\/p>\n<p><strong>Odwa\u017cne decyzje m\u0142odego prezesa<\/strong><\/p>\n<p>By\u0142 1945 rok, kiedy zaledwie 18-letni Marian Ilnicki przeni\u00f3s\u0142 si\u0119 wraz z rodzicami z wojew\u00f3dztwa lwowskiego do Rzeplina niedaleko Stargardu Szczeci\u0144skiego. Tu najpierw pracowa\u0142 w gospodarstwie rodzic\u00f3w, a po odbyciu s\u0142u\u017cby wojskowej, zosta\u0142 w 1956 roku skierowany do pracy w Rolniczej Sp\u00f3\u0142dzielni Produkcyjnej w Witkowie w woj.zachodnio-pomorskim. Tak rozpocz\u0119\u0142a si\u0119 historia sp\u00f3\u0142dzielni, kt\u00f3r\u0105 Marian Ilnicki tworzy do dzi\u015b.<\/p>\n<p>Ju\u017c w po\u0142owie lat 50-tych sp\u00f3\u0142dzielnia gospodaruj\u0105ca na 600 ha zaniedbanych grunt\u00f3w i zrzeszaj\u0105ca 19 cz\u0142onk\u00f3w stan\u0119\u0142a nad przepa\u015bci\u0105. W\u00f3wczas na jej czele stan\u0105\u0142 Ilnicki. Odwa\u017cne kroki i inwestycje sprawi\u0142y, \u017ce Witkowo wyra\u017anie si\u0119 rozros\u0142o.<\/p>\n<p><em>&#8211; Kiedy inni upadali, ja podejmowa\u0142em decyzje o rozwoju. Niekt\u00f3rzy patrzyli na mnie jak na szale\u0144ca, ale nie mia\u0142em wyj\u015bcia. Gdybym wtedy si\u0119 zatrzyma\u0142, te\u017c by nas nie by\u0142o. Skoro mieli\u015bmy ziemi\u0119 i ludzi, trzeba by\u0142o to wszystko rozwija\u0107. W tym okresie nie mogli\u015bmy korzysta\u0107 z wiedzy fachowc\u00f3w, np. in\u017cynier\u00f3w budowlanych, bo ich po prostu nie by\u0142o. Wszystko musia\u0142em sam planowa\u0107<\/em> \u2013 <strong>wspomina Marian Ilnicki, <\/strong>kt\u00f3ry po\u015bwi\u0119ci\u0142 pracy w Witkowie ca\u0142e \u017cycie.<\/p>\n<p>&nbsp;<\/p>\n<p><strong>Fuzja wyznaczy\u0142a kierunek<\/strong><\/p>\n<p>Lata 60. to okres, kiedy poczynione ruchy przynios\u0142y pozytywne rezultaty i sp\u00f3\u0142dzielnia zacz\u0119\u0142a si\u0119 pr\u0119\u017cnie rozwija\u0107, o czym \u015bwiadczy nie tylko rozbudowa infrastruktury, ale te\u017c zwi\u0119kszenie produkcji ro\u015blinnej i zwierz\u0119cej.<\/p>\n<p>Kolejnym kluczowym momentem w dziejach sp\u00f3\u0142dzielni sta\u0142 si\u0119 rok 1976, gdy dosz\u0142o do fuzji trzech Rolniczych Sp\u00f3\u0142dzielni Produkcyjnych: w Witkowie, Przew\u0142okach i Re\u0144sku. W jej efekcie powsta\u0142 Rolniczy Kombinat Sp\u00f3\u0142dzielczy Witkowo, gospodaruj\u0105cy na areale 5 000 ha i skupiaj\u0105cy 518 cz\u0142onk\u00f3w. Na prezesa nowopowsta\u0142ego Kombinatu wybrany zosta\u0142 Marian Ilnicki.<\/p>\n<p>Zawirowania polityczno-gospodarcze na pocz\u0105tku lat 90-tych nie wp\u0142yn\u0119\u0142y negatywnie na rozw\u00f3j sp\u00f3\u0142dzielni, kt\u00f3ra rozbudowywa\u0142a si\u0119 o kolejne zak\u0142ady.<\/p>\n<p><em>&#8211; Kiedy w latach 90. wszystkie zak\u0142ady wok\u00f3\u0142 pada\u0142y i ros\u0142o bezrobocie, my tworzyli\u015bmy nowe miejsca pracy, w sumie oko\u0142o 1500 osobom w regionie<\/em> \u2013 dodaje <strong>Tadeusz \u017babski, z-ca prezesa ds. mechanizacji w Agrofirmie Witkowo.<\/strong><\/p>\n<p>XXI wiek to okres kolejnych inwestycji w Witkowie. W sumie w ci\u0105gu 20 lat w rozw\u00f3j zainwestowano a\u017c 345 mln z\u0142, doprowadzaj\u0105c do kolejnych sukces\u00f3w. Dzi\u015b Agrofirma Witkowo z powierzchni\u0105 oko\u0142o 12,6 tys. ha to jedno z wi\u0119kszych gospodarstw w kraju, a jednocze\u015bnie istotny w wojew\u00f3dztwie zachodnio-pomorskim pracodawca.<\/p>\n<p>&nbsp;<\/p>\n<p><strong>Produkcja ro\u015blinna: podstawa dzia\u0142alno\u015bci<\/strong><\/p>\n<p>Obecnie Agrofirma Witkowo gospodaruje na powierzchni dok\u0142adnie 12,6 tys. ha (oko\u0142o 85 proc. to grunty w\u0142asne). Produkcja ro\u015blinna prowadzona jest w sze\u015bciu zak\u0142adach: Witkowo, Przew\u0142oki, Re\u0144sko, Stargard, Bral\u0119cin, Rzeplino (jest to obszar 14 gmin i miast).<\/p>\n<p>U\u017cytki rolne stanowi\u0105 ponad 93 proc.:<\/p>\n<ul>\n<li>5\u00a0000 ha \u2013 uprawa zb\u00f3\u017c;<\/li>\n<li>2\u00a0000 ha \u2013 rzepak ozimy;<\/li>\n<li>650 ha \u2013 burak cukrowy;<\/li>\n<li>1300 ha \u2013 kukurydza;<\/li>\n<li>Pozosta\u0142e \u2013 \u0142\u0105ki i pastwiska;<\/li>\n<\/ul>\n<p>&nbsp;<\/p>\n<p><em>&#8211; Jest to podstawa funkcjonowania naszej sp\u00f3\u0142dzielni. 50 tys. ton zb\u00f3\u017c i rzepaku, 47 tys. ton burak\u00f3w i 150 tys. ton zielonek traw i kukurydzy rocznie pozwala nam zaopatrywa\u0107 hodowl\u0119 zwierz\u0105t w pasze doskona\u0142ej jako\u015bci. Osi\u0105gamy \u015bredni plon zb\u00f3\u017c na poziomie 80q z ha oraz plon rzepaku 40-45q z ha. Plon burak\u00f3w cukrowych przekracza 700q z ha <\/em>\u2013 m\u00f3wi <strong>Adam Ilnicki, z-ca prezesa ds. produkcji ro\u015blinnej w Agrofirmie Witkowo<\/strong>.<\/p>\n<p>&nbsp;<\/p>\n<p><strong>Byd\u0142o mleczne w czterech fermach<\/strong><\/p>\n<p>Hodowla byd\u0142a mlecznego to wa\u017cna cz\u0119\u015b\u0107 dzia\u0142alno\u015bci Agrofirmy Witkowo. Stado mleczne liczy ok. 1 100 szt. i jest to jedna z najwi\u0119kszych hodowli w kraju. Aktualnie produkuje si\u0119 tu oko\u0142o 4,7 mln litr\u00f3w mleka rocznie. Hodowla byd\u0142a mlecznego odbywa si\u0119 w Zak\u0142adzie Rolnym Re\u0144sko.<\/p>\n<p>&nbsp;<\/p>\n<p><strong>Byd\u0142o mi\u0119sne: rekordowa hodowla<\/strong><\/p>\n<p>Jednym z m\u0142odszych jest istniej\u0105cy od oko\u0142o 20 lat dzia\u0142 produkcji byd\u0142a mi\u0119snego. Agrofirma prowadzi najwi\u0119ksz\u0105 w Polsce hodowl\u0119 byd\u0142a mi\u0119snego &#8211; ok. 5600 szt. w sze\u015bciu czystych rasach.<\/p>\n<p>Baz\u0119 dla hodowli stanowi sze\u015b\u0107 ferm w: Stargardzie, Poczerninie, Tychowie, Strzy\u017cnie, Kr\u0119pcewie i Lipce. Hodowla byd\u0142a mi\u0119snego w Agrofirmie jest nakierowana na jak najwi\u0119ksze wykorzystanie posiadanych \u0142\u0105k i pastwisk.<\/p>\n<p>&nbsp;<\/p>\n<p><strong>Trzoda chlewna: ciekawe perspektywy<\/strong><\/p>\n<p>Sygna\u0142em do dynamicznego rozwoju produkcji by\u0142o oddanie do u\u017cytkowania na pocz\u0105tku lat 90-tych Przetw\u00f3rni Mi\u0119sa i Drobiu w Witkowie.<\/p>\n<p>W pi\u0119ciu fermach w sumie utrzymuje si\u0119 oko\u0142o 2\u00a0200 macior, za\u015b liczba tucznik\u00f3w to 52 tys.<\/p>\n<p><em>&#8211; Nie ukrywam, \u017ce mieli\u015bmy tak\u0105 ambicj\u0119, by wybudowa\u0107 nowoczesn\u0105 chlewni\u0119 macior, \u017ceby wykluczy\u0107 rozdrobnienie. Zale\u017ca\u0142o nam na tym, by produkcja warchlaka by\u0142a przesuni\u0119ta w jedno miejsce. Ostatnie 3 lata nie by\u0142y dla nas zbyt dobre, st\u0105d pomys\u0142 ten zosta\u0142 od\u0142o\u017cony. S\u0105 inne wydatki, trzeba zadba\u0107 o ludzi, o maszyny<\/em> \u2013 <strong>t\u0142umaczy Marian Ilnicki<\/strong>.<\/p>\n<p>&nbsp;<\/p>\n<p><strong>Dr\u00f3b: 45 mln jaj konsumpcyjnych i 4,5 mln brojlera rocznie<\/strong><\/p>\n<p>Produkcja jaj konsumpcyjnych osi\u0105ga rocznie 45 mln szt. w 2006 roku otworzona nowoczesny Zak\u0142ad Pakowania i Sortowania Jaj przystosowany i spe\u0142niaj\u0105cy wszelkie wymogi stawiane dla producent\u00f3w jaj w Unii Europejskiej.<\/p>\n<p>Produkcja drobiu mi\u0119snego to rocznie 4,5 mln szt. poszczeg\u00f3lne stada wstawiane s\u0105 w r\u00f3\u017cnych terminach tak \u017ceby zapewni\u0107 Sp\u00f3\u0142dzielni ci\u0105g\u0142o\u015b\u0107 dostawy \u015bwie\u017cego kurczaka do Przetw\u00f3rni Mi\u0119sa i Drobiu.<\/p>\n<p>&nbsp;<\/p>\n<p><strong>Przetw\u00f3rnia, czyli od pola do sto\u0142u<\/strong><\/p>\n<p>Dzia\u0142 uboju i rozbioru ubija od 150 do 200 szt. tucznik\u00f3w dziennie, co przek\u0142ada si\u0119 na produkcj\u0119 w\u0119dlin na poziomie 14 &#8211; 19 ton wyrob\u00f3w opartych na mi\u0119sie wieprzowym, wo\u0142owym, drobiowym.<\/p>\n<p>W sumie roczna produkcja zwierz\u0119ca osi\u0105ga do 18 tys. ton, za\u015b sprzeda\u017c produkt\u00f3w w\u0142asnych ocenia si\u0119 na oko\u0142o 17 tys. ton rocznie. Wiele z nich zosta\u0142o wyr\u00f3\u017cnionych na konkursach w Instytucie Przemys\u0142u Mi\u0119snego w Warszawie &#8211; \u201eProdukty Najwy\u017cszej Jako\u015bci\u201d i wystawach wojew\u00f3dzkich.<\/p>\n<p>Produkty s\u0105 wysy\u0142ane do 70 sklep\u00f3w mi\u0119snych i sze\u015bciu hurtowni.<\/p>\n<p>&nbsp;<\/p>\n<p><strong>Wielkie wyzwanie logistyczne<\/strong><\/p>\n<p>Bie\u017c\u0105ce funkcjonowanie sp\u00f3\u0142dzielni \u015bci\u015ble zwi\u0105zane jest z mo\u017cliwo\u015bciami wynikaj\u0105cymi z wykorzystania maszyn rolniczych. Przez dziesi\u0119ciolecia rozw\u00f3j gospodarstwa szed\u0142 w parze z unowocze\u015bnianiem parku maszynowego. Obecnie w sumie w gospodarstwie do dyspozycji jest oko\u0142o 130 ci\u0105gnik\u00f3w, ale do najci\u0119\u017cszych prac polowych, jak orka, siew, deleguje si\u0119 maszyny John Deere.<\/p>\n<p><em>&#8211; Mo\u017cna powiedzie\u0107, \u017ce to konie poci\u0105gowe, maszyny jeszcze nie nas\u0105czone elektronik\u0105, na kt\u00f3re zawsze mo\u017cemy liczy\u0107. Wcze\u015bniej korzystali\u015bmy z ci\u0105gnik\u00f3w innych wiod\u0105cych marek, ale kiedy oko\u0142o 2000 r. mieli\u015bmy du\u017ce potrzeby wzmocnienia naszego parku maszynowego, inni producenci w swoim dobrobycie sprzeda\u017cy zapomnieli o tych, kt\u00f3rzy je u\u017cywaj\u0105.<\/em> <em>Ci\u0105gniki John Deere serii 8 zakupione w 2000 r. do dzisiaj nam s\u0142u\u017c\u0105. By\u0142 to bardzo udany zakup, \u015bwietny produkt, ka\u017cda z tych maszyn ma po 26 tys. motogodzin <\/em>\u2013 zaznacza <strong>Tadeusz \u017babski.<\/strong><\/p>\n<p>Jak zauwa\u017caj\u0105 w kierownictwie Agrofirmy, maszyny pracuj\u0105 dniami i nocami, st\u0105d zar\u00f3wno wsparcie techniczne, jak i planowanie pracy musi by\u0107 na najwy\u017cszym poziomie.<\/p>\n<p><em>&#8211; Nie mo\u017cemy sobie pozwoli\u0107 na to, by ka\u017cdy z zak\u0142ad\u00f3w by\u0142 prowadzony osobno. Korzystamy z maszyn du\u017cej warto\u015bci, kt\u00f3re d\u0142ugo pracuj\u0105, na du\u017cej powierzchni, musimy pracowa\u0107 nieprzerwanie 24 h \/ dob\u0119. Pracownicy i operatorzy s\u0105 \u0142\u0105czeni w brygady robocze, to wszystko dzia\u0142a jak jeden organizm. Pracujemy z lud\u017ami, kt\u00f3rym si\u0119 chce i kt\u00f3rzy maj\u0105 zmys\u0142 organizacyjny. Je\u015bli telefon milczy, to znaczy \u017ce wszystko jest OK<\/em> \u2013 <strong>u\u015bmiecha si\u0119 Adam Ilnicki<\/strong>.<\/p>\n<p>Zar\u00f3wno kierownictwo, jak i operatorzy ch\u0119tnie stosuj\u0105 rozwi\u0105zania rolnictwa precyzyjnego. <em>\u2013 Staramy si\u0119 dostosowa\u0107 do technologii, kt\u00f3re kiedy\u015b wydawa\u0142y si\u0119 zb\u0119dne. Przyk\u0142adowo w okresie suszy, wszystko jest tak zapylone, \u017ce nic nie wida\u0107. Systemy nawigacji pozwalaj\u0105 idealnie prowadzi\u0107 wszystkie prace uprawowe, siewne, nawo\u017cenia i ochrony ro\u015blin oraz daj\u0105 nam te\u017c mo\u017cliwo\u015b\u0107 oceny, ile by\u0142o przestoj\u00f3w, ile razy ci\u0105gnik si\u0119 zatrzyma\u0142, jak wygl\u0105da zu\u017cycie paliwa, a tak\u017ce inne parametry pracy silnika <\/em>\u2013 <strong>kontynuuje Tadeusz \u017babski<\/strong>.<\/p>\n<p>&nbsp;<\/p>\n<p><strong>B\u0119d\u0105 \u015brodki, b\u0119d\u0105 inwestycje<\/strong><\/p>\n<p>Kierownictwo Agrofirmy Witkowo nie ukrywa, \u017ce ma przed sob\u0105 wiele wyzwa\u0144 i pomys\u0142\u00f3w rozszerzenia dzia\u0142alno\u015bci. Nie na wszystko wystarcza jednak \u015brodk\u00f3w.<\/p>\n<p><em>&#8211; Jeste\u015bmy jednostk\u0105, nasza struktura nie sk\u0142ada si\u0119 z kilku sp\u00f3\u0142ek, dlatego te\u017c otrzymujemy o wiele mniej \u015brodk\u00f3w \u2013 jest to hamulec. Musimy oszcz\u0119dnie si\u0119 gospodarzy\u0107, ostro\u017cnie podchodzi\u0107 do wszelkich inwestycji. My nie dzielimy naszej struktury, zw\u0142aszcza \u017ce rz\u0105d namawia do tworzenia sp\u00f3\u0142dzielni, grup producenckich czy holding\u00f3w, a my nim jeste\u015bmy od 30 lat. B\u0119dziemy tak gospodarowa\u0107, by stale si\u0119 rozwija\u0107, jak od niemal 70 lat <\/em>\u2013 <strong>podsumowa\u0142 \u017babski<\/strong>.<\/p>\n","protected":false},"excerpt":{"rendered":"<p>Niemal 70 lat tradycji, oko\u0142o 1200 pracownik\u00f3w, b\u0119d\u0105cych jednocze\u015bnie cz\u0142onkami sp\u00f3\u0142dzielni oraz skuteczna dzia\u0142alno\u015b\u0107 na kilku p\u0142aszczyznach \u2013 przygl\u0105damy si\u0119 z bliska Agrofirmie Witkowo, jednemu z najwi\u0119kszych gospodarstw rolnych w kraju. &nbsp; Odwa\u017cne decyzje m\u0142odego prezesa By\u0142 1945 rok, kiedy [&hellip;]<\/p>\n","protected":false},"author":4,"featured_media":8244,"comment_status":"open","ping_status":"open","sticky":false,"template":"","format":"standard","meta":[],"categories":[48],"tags":[78,235],"aioseo_notices":[],"_links":{"self":[{"href":"https:\/\/dotrelations.pl\/news\/wp-json\/wp\/v2\/posts\/8229"}],"collection":[{"href":"https:\/\/dotrelations.pl\/news\/wp-json\/wp\/v2\/posts"}],"about":[{"href":"https:\/\/dotrelations.pl\/news\/wp-json\/wp\/v2\/types\/post"}],"author":[{"embeddable":true,"href":"https:\/\/dotrelations.pl\/news\/wp-json\/wp\/v2\/users\/4"}],"replies":[{"embeddable":true,"href":"https:\/\/dotrelations.pl\/news\/wp-json\/wp\/v2\/comments?post=8229"}],"version-history":[{"count":1,"href":"https:\/\/dotrelations.pl\/news\/wp-json\/wp\/v2\/posts\/8229\/revisions"}],"predecessor-version":[{"id":8246,"href":"https:\/\/dotrelations.pl\/news\/wp-json\/wp\/v2\/posts\/8229\/revisions\/8246"}],"wp:featuredmedia":[{"embeddable":true,"href":"https:\/\/dotrelations.pl\/news\/wp-json\/wp\/v2\/media\/8244"}],"wp:attachment":[{"href":"https:\/\/dotrelations.pl\/news\/wp-json\/wp\/v2\/media?parent=8229"}],"wp:term":[{"taxonomy":"category","embeddable":true,"href":"https:\/\/dotrelations.pl\/news\/wp-json\/wp\/v2\/categories?post=8229"},{"taxonomy":"post_tag","embeddable":true,"href":"https:\/\/dotrelations.pl\/news\/wp-json\/wp\/v2\/tags?post=8229"}],"curies":[{"name":"wp","href":"https:\/\/api.w.org\/{rel}","templated":true}]}}