{"id":8178,"date":"2019-10-28T09:01:37","date_gmt":"2019-10-28T08:01:37","guid":{"rendered":"https:\/\/dotrelations.pl\/news\/?p=8178"},"modified":"2019-10-28T09:03:36","modified_gmt":"2019-10-28T08:03:36","slug":"7-sprawdzonych-metod-projektantow-ktore-powieksza-male-mieszkanie","status":"publish","type":"post","link":"https:\/\/dotrelations.pl\/news\/2019\/10\/28\/7-sprawdzonych-metod-projektantow-ktore-powieksza-male-mieszkanie\/","title":{"rendered":"7 sprawdzonych metod projektant\u00f3w, kt\u00f3re powi\u0119ksz\u0105 ma\u0142e mieszkanie"},"content":{"rendered":"<p><b><span style=\"font-family: 'Calibri Light',sans-serif;\">Mieszkania o ma\u0142ym metra\u017cu s\u0105 kameralne, maj\u0105 sw\u00f3j urok, a dodatkowo cz\u0119sto si\u0119 zdarza, \u017ce s\u0105 bardziej ekonomiczne. Niestety posiadacze niewielkiego lokum stoj\u0105 przed du\u017cym wyzwaniem \u2013 w jaki spos\u00f3b urz\u0105dzi\u0107 wn\u0119trze tak, by wydawa\u0142o si\u0119 wi\u0119ksze? Na szcz\u0119\u015bcie, znaj\u0105c klika prostych zasad, mo\u017cna w \u0142atwy spos\u00f3b zaaran\u017cowa\u0107 wystr\u00f3j tak, aby doda\u0107 przestrzeni par\u0119 centymetr\u00f3w.<\/span><\/b><span style=\"font-family: 'Calibri Light',sans-serif;\">\u00a0<\/span><\/p>\n<p><span style=\"font-family: 'Calibri Light',sans-serif;\">Urz\u0105dzaj\u0105c mieszkanie stajemy przed szeregiem wa\u017cnych decyzji <b>\u2013 <\/b>w ko\u0144cu remont robi si\u0119 raz na kilka lat! Posiadacze ma\u0142ych mieszka\u0144 stoj\u0105 jednak jeszcze przed jednym wyzwaniem. <b>Niby \u201ema\u0142e jest pi\u0119kne\u201d, ale czasem zdarza si\u0119, \u017ce bardziej\u2026 wymagaj\u0105ce.<\/b> W jaki spos\u00f3b urz\u0105dzi\u0107 wn\u0119trze, by nie straci\u0107 kolejnych centymetr\u00f3w? Mimo, \u017ce to zadanie wydaje si\u0119 by\u0107 du\u017cym wyzwaniem, wcale nie musi by\u0107 trudne w realizacji, wystarczy trzyma\u0107 si\u0119 kilku prostych zasad. <\/span><\/p>\n<p><b><span style=\"font-family: 'Calibri Light',sans-serif;\">Ma\u0142e przestrzenie kochaj\u0105 jasne kolory <\/span><\/b><\/p>\n<p><span style=\"font-family: 'Calibri Light',sans-serif;\">Wiedz\u0119 na ten temat mo\u017cemy czerpa\u0107 od naszych p\u00f3\u0142nocnych s\u0105siad\u00f3w czyli Skandynaw\u00f3w. W p\u00f3\u0142nocnych cz\u0119\u015bciach Europy,<b> <\/b>w kt\u00f3rych ka\u017cdy promie\u0144 s\u0142o\u0144ca jest na wag\u0119 z\u0142ota,<b> jasne kolory wn\u0119trz nie tylko pozwalaj\u0105 na roz\u015bwietlenie pomieszczenia, ale r\u00f3wnie\u017c optycznie powi\u0119kszaj\u0105 niewielkie mieszkania<\/b>. Maluj\u0105c \u015bciany na jasne kolory, takie jak biel, \u00e9cru czy delikatne szaro\u015bci, mo\u017cemy mie\u0107 pewno\u015b\u0107, \u017ce nie tylko b\u0119d\u0105 odbija\u0107 wpadaj\u0105ce do mieszkania \u015bwiat\u0142o, ale r\u00f3wnie\u017c nadadz\u0105 wn\u0119trzu lekko\u015bci. <\/span><\/p>\n<p><img loading=\"lazy\" class=\"aligncenter wp-image-8181 size-full\" src=\"https:\/\/dotrelations.pl\/news\/wp-content\/uploads\/2019\/10\/D-3493.jpg\" alt=\"\" width=\"848\" height=\"600\" \/><\/p>\n<p><strong><em>\u0179r\u00f3d\u0142o: Swiss Krono sp. z o. o., d\u0105b szafran D 3493 Swiss Krono Aurum, kolekcja Gusto, struktura 3D, 8 mm, AC5, V-fuga 4-stronna, zamek G5.<\/em><\/strong><\/p>\n<p><span style=\"font-family: 'Calibri Light',sans-serif;\">Dla mi\u0142o\u015bnik\u00f3w eklektycznego stylu mo\u017ce to by\u0107 trudna do zaakceptowania wiadomo\u015b\u0107, jednak by optycznie powi\u0119kszy\u0107 przestrze\u0144 najlepiej unika\u0107 wielu wzor\u00f3w. W niewielkich wn\u0119trzach dobrze sprawdz\u0105 si\u0119 <b>drobne, delikatne motywy w stonowanych kolorach, <\/b>kt\u00f3re nie przyt\u0142ocz\u0105 pomieszczenia. Dodatkowo, je\u015bli chcemy, by pok\u00f3j zyska\u0142 dodatkowe centymetry, r\u00f3wnie\u017c w pionie, mo\u017cemy zdecydowa\u0107 si\u0119 na <b>po\u0142o\u017cenie tapety lub namalowanie pionowych pas\u00f3w<\/b>. Dzi\u0119ki takiemu rozwi\u0105zaniu optycznie \u201epodniesiemy\u201d sufit. Du\u017cych i krzykliwych wzor\u00f3w nale\u017cy unika\u0107 nie tylko na p\u0142ytkach czy tapetach, ale r\u00f3wnie\u017c na dodatkach i tkaninach. <\/span><\/p>\n<p><b><span style=\"font-family: 'Calibri Light',sans-serif;\">Pozw\u00f3l wn\u0119trzu oddycha\u0107<\/span><\/b><\/p>\n<p><span style=\"font-family: 'Calibri Light',sans-serif;\">Je\u015bli planujesz jedynie od\u015bwie\u017cy\u0107 wn\u0119trze, mo\u017cesz pomin\u0105\u0107 ten punkt. Je\u015bli jednak decydujesz si\u0119 na du\u017cy remont, warto przemy\u015ble\u0107 kwesti\u0119 <b>wyburzenia kt\u00f3rej\u015b ze \u015bcian dzia\u0142owych<\/b>. Jest to zadanie czasoch\u0142onne i do\u015b\u0107 kosztowne, jednak efekt kt\u00f3ry mo\u017cna dzi\u0119ki temu uzyska\u0107, zdecydowanie odmieni Twoje mieszkanie. Idealnym miejscem do tego typu zabiegu jest <b>kuchnia i salon<\/b>. Dzi\u0119ki wyburzeniu \u015bciany mo\u017cemy po\u0142\u0105czy\u0107 pok\u00f3j go\u015bcinny z aneksem kuchennym, kt\u00f3ry b\u0119dzie wygl\u0105da\u0142 oryginalnie, a przede wszystkim pozwoli wn\u0119trzu oddycha\u0107. <\/span><\/p>\n<p><b><span style=\"font-family: 'Calibri Light',sans-serif;\">Mniej znaczy wi\u0119cej <\/span><\/b><\/p>\n<p><span style=\"font-family: 'Calibri Light',sans-serif;\">R\u00f3wnie\u017c w kwestii mebli nale\u017cy post\u0119powa\u0107 z rozwag\u0105 i dobrze przemy\u015ble\u0107 ich wyb\u00f3r. W ma\u0142ych mieszkaniach zdecydowanie nie sprawdz\u0105 si\u0119 ci\u0119\u017ckie meblo\u015bcianki, czy masywne komody. Warto postawi\u0107 na <b>mniejsze, zgrabne meble, utrzymane w jasnej kolorystyce<\/b>. W niewielkich przestrzeniach najlepiej sprawdz\u0105 si\u0119 szafy wn\u0119kowe, kt\u00f3re nie tylko s\u0105 bardzo pojemne, ale r\u00f3wnie\u017c nie przyt\u0142aczaj\u0105 ca\u0142ego wn\u0119trza. Do ich wyko\u0144czenia warto wybra\u0107 takie materia\u0142y, jak jasn\u0105 p\u0142yt\u0119 z po\u0142yskiem lub lustro. Dzi\u0119ki temu szafa b\u0119dzie wygl\u0105da\u0107 lekko, a dodatkowo b\u0119dzie odbija\u0107 wpadaj\u0105ce do wn\u0119trza \u015bwiat\u0142o. <\/span><\/p>\n<p><img loading=\"lazy\" class=\"aligncenter wp-image-8183 size-full\" src=\"https:\/\/dotrelations.pl\/news\/wp-content\/uploads\/2019\/10\/D-3332-copy.jpg\" alt=\"\" width=\"960\" height=\"680\" \/><\/p>\n<p><strong><em>\u0179r\u00f3d\u0142o: Swiss Krono sp. z o. o., d\u0105b soul D3332 Swiss Krono Aurum, kolekcja Sound, struktura 3D, 12 mm, AC5, V-fuga 4-stronna, zamek G5.<\/em><\/strong><\/p>\n<p><b><span style=\"font-family: 'Calibri Light',sans-serif;\">Ustal motyw przewodni <\/span><\/b><\/p>\n<p><span style=\"font-family: 'Calibri Light',sans-serif;\">Pami\u0119taj, \u017ce nie musisz si\u0119 ba\u0107 wyrazistych i odwa\u017cnych akcent\u00f3w, jednak stosuj je z rozwag\u0105. Najlepszym rozwi\u0105zaniem b\u0119dzie postawienie na <b>jeden motyw przewodni<\/b>, kt\u00f3ry b\u0119dzie pojawia\u0142 si\u0119 konsekwentnie we wszystkim pomieszczeniach. Oboj\u0119tne, czy jest to motyw drewna, botaniczny wz\u00f3r czy soczysty kolor, mo\u017cesz go z powodzeniem wprowadzi\u0107 do niewielkiej przestrzeni. Dzi\u0119ki zastosowaniu jednego lub dw\u00f3ch motyw\u00f3w, Twoje wn\u0119trze b\u0119dzie wygl\u0105da\u0142o elegancko, sp\u00f3jnie i pomys\u0142owo. <\/span><\/p>\n<p><b><span style=\"font-family: 'Calibri Light',sans-serif;\">Postaw na jednolit\u0105 pod\u0142og\u0119 i wybierz V-fug\u0119<\/span><\/b><\/p>\n<p><span style=\"font-family: 'Calibri Light',sans-serif;\">Wyb\u00f3r pod\u0142ogi jest niezwykle istotny w aran\u017cacji niewielkich przestrzeni. R\u00f3wnie\u017c na pod\u0142odze <b>starajmy si\u0119 unika\u0107 ciemnych kolor\u00f3w i du\u017cej ilo\u015bci wzor\u00f3w.<\/b> W ma\u0142ych przestrzeniach najlepiej sprawdz\u0105 si\u0119 pod\u0142ogi laminowane, kt\u00f3re s\u0105 dost\u0119pne w wielu naturalnych kolorach. Je\u015bli chcemy maksymalnie powi\u0119kszy\u0107 przestrze\u0144 warto zdecydowa\u0107 si\u0119 na jeden wz\u00f3r paneli i u\u0142o\u017cy\u0107 go niemal we wszystkich pomieszczeniach. Dzi\u0119ki temu uzyskamy przemy\u015blan\u0105 i sp\u00f3jn\u0105 ca\u0142o\u015b\u0107. \u2013 <i>Najlepszym miejscem by wykona\u0107 taki zabieg b\u0119dzie po\u0142\u0105czenie salonu z korytarzem, jednak wtedy nale\u017cy pami\u0119ta\u0107, by wybra\u0107 pod\u0142og\u0119 o odpowiedniej klasie \u015bcieralno\u015bci i u\u017cyteczno\u015bci. Ponadto, wybieraj\u0105c panele z V-fug\u0105 mo\u017cna je uk\u0142ada\u0107 w dowolny kierunek. <b>V-fuga to spos\u00f3b wyko\u0144czenia paneli, kt\u00f3ry polega na wyfrezowaniu czterech bok\u00f3w deski<\/b>. Dzi\u0119ki temu pod\u0142oga wygl\u0105da zdecydowanie bardziej naturalnie. <\/i>\u2013 wyja\u015bnia Marcin Wrana, Dyrektor ds. sprzeda\u017cy detalicznej sklep\u00f3w Fachowiec, og\u00f3lnopolskiej sie\u0107 salon\u00f3w z artyku\u0142ami wyposa\u017cenia wn\u0119trz.<\/span><\/p>\n<p><span style=\"font-family: 'Calibri Light',sans-serif;\">R\u00f3wnie\u017c spos\u00f3b u\u0142o\u017cenia paneli mo\u017ce znacz\u0105co wp\u0142yn\u0105\u0107 na spos\u00f3b postrzegania ca\u0142ego wn\u0119trza. \u2013 <i>W pomieszczeniach, w kt\u00f3rych jest jedno okno, zaleca si\u0119 <b>uk\u0142adanie pod\u0142ogi laminowanej prostopadle do okna<\/b>. To jedna ze \u201ez\u0142otych zasad\u201d monta\u017cu pod\u0142\u00f3g laminowanych w du\u017cych pomieszczeniach. Jednak w przypadku w\u0105skich i d\u0142ugich pomieszcze\u0144 typu korytarze, <b>pod\u0142ogi powinni\u015bmy u\u0142o\u017cy\u0107 prostopadle do d\u0142u\u017cszego boku<\/b>. To proste rozwi\u0105zanie sprawi, \u017ce przestrze\u0144 wizualnie si\u0119 poszerzy.<\/i> \u2013 m\u00f3wi Jaros\u0142aw Masina, Kierownik Dzia\u0142u Marketingu SWISS KRONO sp. z o. o., producenta pod\u0142\u00f3g laminowanych, p\u0142yt meblowych i OSB.<\/span><\/p>\n<p><span style=\"font-family: 'Calibri Light',sans-serif;\"> <img loading=\"lazy\" class=\"aligncenter wp-image-8182 size-full\" src=\"https:\/\/dotrelations.pl\/news\/wp-content\/uploads\/2019\/10\/D-3033-copy.jpg\" alt=\"\" width=\"800\" height=\"600\" \/><\/span><\/p>\n<p><strong><em>\u0179r\u00f3d\u0142o: Swiss Krono sp. z o. o., d\u0105b livorno D3033 Swiss Krono Platinium, kolekcja Luna, struktura CP, 8 mm, AC4, V-fuga 4-stronna, zamek G5.<\/em><\/strong><\/p>\n<p><strong>Roz\u015bwietl swoje mieszkanie <\/strong><\/p>\n<p>Jasne kolory, kt\u00f3re wykorzystujemy we wn\u0119trzu nie tylko doskonale odbijaj\u0105 \u015bwiat\u0142o dzienne, ale r\u00f3wnie\u017c to sztuczne, kt\u00f3rego nie mo\u017ce zabrakn\u0105\u0107 w niewielkich mieszkaniach. <strong>Dobrze rozplanowane o\u015bwietlenie sprawi, \u017ce pomieszczenie b\u0119dzie zdecydowanie bardziej przytulne.<\/strong> W kameralnych wn\u0119trzach warto zastosowa\u0107 <strong>kilka \u017ar\u00f3de\u0142 \u015bwiat\u0142a<\/strong>, dzi\u0119ki czemu przestrze\u0144 optycznie si\u0119 powi\u0119kszy. Zatem wybierz efektowne o\u015bwietlenie sufitowe i nie zapominaj o lampach sto\u0142owych, kinkietach i lampach pod\u0142ogowych.<\/p>\n<p>Posiadanie ma\u0142ego mieszkania wcale nie musi by\u0107 problemem, a jedynie wn\u0119trzarskim wyzwaniem. Kieruj\u0105c si\u0119 tymi prostymi zasadami mo\u017cesz osi\u0105gn\u0105\u0107 doskona\u0142y efekt, nawet w niewielkim mieszkaniu.<\/p>\n<p><img loading=\"lazy\" class=\"aligncenter wp-image-8185 size-large\" src=\"https:\/\/dotrelations.pl\/news\/wp-content\/uploads\/2019\/10\/Fachowiec_infografika_style_2019-10-24-394x1024.jpg\" alt=\"\" width=\"394\" height=\"1024\" \/><\/p>\n<p><strong>\u00a0<\/strong><\/p>\n","protected":false},"excerpt":{"rendered":"<p>Mieszkania o ma\u0142ym metra\u017cu s\u0105 kameralne, maj\u0105 sw\u00f3j urok, a dodatkowo cz\u0119sto si\u0119 zdarza, \u017ce s\u0105 bardziej ekonomiczne. Niestety posiadacze niewielkiego lokum stoj\u0105 przed du\u017cym wyzwaniem \u2013 w jaki spos\u00f3b urz\u0105dzi\u0107 wn\u0119trze tak, by wydawa\u0142o si\u0119 wi\u0119ksze? Na szcz\u0119\u015bcie, znaj\u0105c [&hellip;]<\/p>\n","protected":false},"author":14,"featured_media":8182,"comment_status":"open","ping_status":"open","sticky":false,"template":"","format":"standard","meta":[],"categories":[215],"tags":[],"aioseo_notices":[],"_links":{"self":[{"href":"https:\/\/dotrelations.pl\/news\/wp-json\/wp\/v2\/posts\/8178"}],"collection":[{"href":"https:\/\/dotrelations.pl\/news\/wp-json\/wp\/v2\/posts"}],"about":[{"href":"https:\/\/dotrelations.pl\/news\/wp-json\/wp\/v2\/types\/post"}],"author":[{"embeddable":true,"href":"https:\/\/dotrelations.pl\/news\/wp-json\/wp\/v2\/users\/14"}],"replies":[{"embeddable":true,"href":"https:\/\/dotrelations.pl\/news\/wp-json\/wp\/v2\/comments?post=8178"}],"version-history":[{"count":1,"href":"https:\/\/dotrelations.pl\/news\/wp-json\/wp\/v2\/posts\/8178\/revisions"}],"predecessor-version":[{"id":8186,"href":"https:\/\/dotrelations.pl\/news\/wp-json\/wp\/v2\/posts\/8178\/revisions\/8186"}],"wp:featuredmedia":[{"embeddable":true,"href":"https:\/\/dotrelations.pl\/news\/wp-json\/wp\/v2\/media\/8182"}],"wp:attachment":[{"href":"https:\/\/dotrelations.pl\/news\/wp-json\/wp\/v2\/media?parent=8178"}],"wp:term":[{"taxonomy":"category","embeddable":true,"href":"https:\/\/dotrelations.pl\/news\/wp-json\/wp\/v2\/categories?post=8178"},{"taxonomy":"post_tag","embeddable":true,"href":"https:\/\/dotrelations.pl\/news\/wp-json\/wp\/v2\/tags?post=8178"}],"curies":[{"name":"wp","href":"https:\/\/api.w.org\/{rel}","templated":true}]}}