{"id":7546,"date":"2019-04-11T15:27:31","date_gmt":"2019-04-11T13:27:31","guid":{"rendered":"https:\/\/dotrelations.pl\/news\/?p=7546"},"modified":"2019-04-12T15:47:44","modified_gmt":"2019-04-12T13:47:44","slug":"kolorystyczne-trendy-w-aranzacji-wnetrz-i-przestrzeni-w-2019-roku","status":"publish","type":"post","link":"https:\/\/dotrelations.pl\/news\/2019\/04\/11\/kolorystyczne-trendy-w-aranzacji-wnetrz-i-przestrzeni-w-2019-roku\/","title":{"rendered":"Kolorystyczne trendy w aran\u017cacji wn\u0119trz i przestrzeni w 2019 roku"},"content":{"rendered":"<p><strong>Kolor intensywnie wp\u0142ywa na odbi\u00f3r otoczenia, dzia\u0142a na pod\u015bwiadomo\u015b\u0107, pe\u0142ni\u0105c ogromn\u0105 rol\u0119 w podejmowaniu decyzji zakupowych. Dlatego te\u017c odpowiednie dobranie barw podczas spotka\u0144 biznesowych, zaaran\u017cowanych na targach bran\u017cowych, daje zwiedzaj\u0105cym mo\u017cliwo\u015b\u0107 bliskiego do\u015bwiadczenia marki oraz prze\u017cycia niepowtarzalnych emocji. Kolor to pierwszy temat przewodni najnowszego TrendBooka dla wystawc\u00f3w wyja\u015bniaj\u0105cy, co mo\u017ce zyska\u0107 marka pokazuj\u0105c si\u0119 w okre\u015blonych barwach.<\/strong><\/p>\n<p><strong>Czy kolor ma znaczenie?<\/strong><\/p>\n<p>Takie pytanie stawiaj\u0105 autorzy TREND.expo \u2013 firma Smart Design Expo, projektuj\u0105ca i realizuj\u0105ca stoiska targowe \u2013 na \u0142amach pierwszego numeru swojej publikacji skierowanej do ka\u017cdej firmy, kt\u00f3ra w spos\u00f3b profesjonalny chce przygotowa\u0107 si\u0119 do targ\u00f3w. Prezentuj\u0105c najbardziej aktualne trendy kolorystyczne stoisk targowych na rok 2019 wyja\u015bniaj\u0105, jak odpowiednie zestawienia barw dzia\u0142aj\u0105 na percepcj\u0119 odbiorc\u00f3w i w jakich sytuacjach najlepiej je stosowa\u0107, aby uzyska\u0107 zamierzony efekt. <strong>Pierwszy numer TREND.expo zawiera konkretne porady, wskaz\u00f3wki i komentarze ekspert\u00f3w z dziedziny designu, architektury, marketingu wystawienniczego i sztuki prezentuj\u0105c korzy\u015bci p\u0142yn\u0105ce z powa\u017cnego potraktowania koloru jako \u015brodka wyrazu. <\/strong><\/p>\n<p><em>&#8211; Zale\u017cy nam, aby by\u0142o to wydawnictwo, o kt\u00f3rym w pierwszej kolejno\u015bci my\u015bl\u0105 wystawcy planuj\u0105c jak ma wygl\u0105da\u0107 ich stoisko targowe, a osoby \u015bledz\u0105ce i wyznaczaj\u0105ce kierunki w wystawiennictwie targowym i designie bez wahania polec\u0105 je jako merytoryczne \u017ar\u00f3d\u0142o wiedzy \u2013 dodaje <\/em><strong>\u0141ukasz Jerzmanowski, owner Smart Design Expo<\/strong><em>.\u00a0 <\/em><\/p>\n<p>Na \u0142amach TREND.expo wypowiadaj\u0105 si\u0119 te\u017c dr hab. Maciej Przybylski \u2013 prof. nadzw. Uniwersytet Artystyczny w Poznaniu, studio Pawlak &amp; Stawarski oraz Jerzy Osika \u2013 prezes Promedia, organizator targ\u00f3w, kongres\u00f3w i konferencji.<\/p>\n<p><strong>Trendy kolorystyczne w 2019 roku<\/strong><\/p>\n<p>Zesp\u00f3\u0142 Smart Design Expo odwiedzi\u0142 najwi\u0119ksze imprezy targowe na \u015bwiecie, zebra\u0142 i przeanalizowa\u0142 drobiazgowo spos\u00f3b, w jaki prezentuj\u0105 si\u0119 najwi\u0119ksze i najbardziej presti\u017cowe marki na targach, wskazuj\u0105c cztery przewodnie trendy kolorystyczne w projektowaniu aran\u017cacji wn\u0119trz i przestrzeni targowych na 2019 rok. S\u0105 to:<\/p>\n<ul>\n<li><strong>Pastele<\/strong> \u2013 nienachalne i nieprzyt\u0142aczaj\u0105ce, najlepiej prezentuj\u0105 si\u0119 w towarzystwie innych pasteli, <em>total pastel look<\/em> to odpowiedni wyb\u00f3r, gdy chcemy wywo\u0142a\u0107 takie skojarzenia jak: delikatno\u015b\u0107, kobieco\u015b\u0107, eteryczno\u015b\u0107, wysublimowanie. Stonowane kolory tworz\u0105 \u015bwietne t\u0142o do prezentacji mebli, potrafi\u0105 nada\u0107 stoisku targowemu lekko\u015bci i wyrafinowania.<\/li>\n<li><strong>Color blocking<\/strong> \u2013 czyli \u0142\u0105czenie kolor\u00f3w z pozoru do siebie niepasuj\u0105cych, np. intensywny niebieski po\u0142\u0105czony z r\u00f3\u017cem lub pomara\u0144czowym. S\u0105 to zestawienia bardzo wyraziste, odwa\u017cne, soczyste, energetyczne i doskonale funkcjonuj\u0105 z geometrycznymi formami. Aran\u017cacje przestrzeni \u0142\u0105cz\u0105ce te dwa trendy mog\u0105 stanowi\u0107 modn\u0105 i interesuj\u0105c\u0105 alternatyw\u0119 dla stonowanych wybor\u00f3w. Taki zabieg kolorystyczny na d\u0142ugo zapadnie w pami\u0119\u0107 zwiedzaj\u0105cym stoiska targowe i z pewno\u015bci\u0105 wzbudzi ich zainteresowanie.<\/li>\n<li><strong>Kolory ziemi<\/strong> \u2013 Kolory ziemi s\u0105 idealne zar\u00f3wno do aran\u017cacji przestrzeni w stylu klasycznym, jak i nowoczesnym. Zapewniaj\u0105 poczucie ciep\u0142a i bezpiecze\u0144stwa. Br\u0105zy kojarz\u0105 si\u0119 ponadto z trwa\u0142o\u015bci\u0105 i stabilno\u015bci\u0105. Pojawi\u0142y si\u0119 te\u017c cz\u0119\u015bciej u\u017cywane, dwa nowe kolory neutralne, pasuj\u0105ce do ka\u017cdego koloru ziemi &#8211; z\u0142oto i mied\u017a, kt\u00f3re s\u0105 pi\u0119knym wyko\u0144czeniem detalu. Barwy natury dobrze koresponduj\u0105 z surowymi strukturami i fakturami, a z\u0142ote elementy, kontrastuj\u0105ce z g\u0142adkimi p\u0142aszczyznami buduj\u0105 ciekawe t\u0142o do prezentacji g\u0142\u00f3wnego produktu.<\/li>\n<li><strong>Monokolor<\/strong> \u2013 wykorzystuj\u0105c monokolor do aran\u017cacji przestrzeni projektanci stosuj\u0105 odmienne faktury, sploty, desenie. Delikatna zas\u0142ona opadaj\u0105ca na solidn\u0105 \u015bcian\u0119, a\u017curowa konstrukcja stolika postawionego na puszystym dywanie &#8211; zr\u00f3\u017cnicowane faktury zalane jednym kolorem tworz\u0105 wn\u0119trza o niezwykle silnym \u0142adunku emocjonalnym. By\u0107 mo\u017ce zbyt intensywne w pomieszczeniu, w kt\u00f3rym sp\u0119dzamy du\u017co czasu, za to idealne, by wykreowa\u0107 zapadaj\u0105ce w pami\u0119\u0107 przestrzenie spotka\u0144 biznesowych i niebanalne DNA marki.<\/li>\n<\/ul>\n<p>Lektura TREND.expo dostarczy r\u00f3wnie\u017c odpowiedzi na pytania:<\/p>\n<ul>\n<li><strong>Jak kolor wp\u0142ywa na percepcj\u0119 odbiorc\u00f3w?<\/strong><\/li>\n<li><strong>Jak przyci\u0105ga\u0107 kolorem do stoiska i wykreowa\u0107 niebanalny efekt?<\/strong><\/li>\n<li><strong>Kt\u00f3re kolory odpowiednio oddadz\u0105 charakter marki?<\/strong><\/li>\n<li><strong>Co mo\u017ce zyska\u0107 firma pokazuj\u0105c si\u0119 w barwach innych ni\u017c jej identyfikacja wizualna?<\/strong><\/li>\n<\/ul>\n<p>Odpowiedzi na te pytania udziela TREND.expo pt. \u201eCzy kolor ma znaczenie?\u201d, kt\u00f3ry w ca\u0142o\u015bci jest dost\u0119pny na <a href=\"https:\/\/smartdesign-expo.com\/pl\/trend-expo\/\"><strong>https:\/\/smartdesign-expo.com\/pl\/trend-expo\/<\/strong><\/a><\/p>\n<p><strong><br \/>\n<\/strong>******************************************************************<\/p>\n<p><em>Firma Smart Design Expo od 12 lat <\/em><em>kreuje najwy\u017cszej jako\u015bci przestrze\u0144 podczas wydarze\u0144 targowych w r\u00f3\u017cnych cz\u0119\u015bciach \u015bwiata. W swoim dorobku ma blisko 2000 projekt\u00f3w realizowanych g\u0142\u00f3wnie na zlecenia klient\u00f3w zagranicznych. Realizacje Smart Design Expo s\u0105 niebanalne, przyci\u0105gaj\u0105 uwag\u0119 i nierzadko wzbudzaj\u0105 emocje uczestnik\u00f3w targ\u00f3w, m.in. dlatego zosta\u0142y dostrze\u017cone przez eksperckie jury selekcjonuj\u0105ce stoiska do presti\u017cowej publikacji Trade Fair Design Annual 2018\/2019. TREND.expo to cykliczna publikacja wydawana 4 razy do roku, kt\u00f3ra ka\u017cdorazowo b\u0119dzie porusza\u0142a r\u00f3\u017cne obszary i tematy zwi\u0105zane z marketingiem wystawienniczym, a dzi\u0119ki wskaz\u00f3wkom i poradom podpowie, jak profesjonalnie przygotowa\u0107 si\u0119 do wszelkich imprez targowych. To drogowskaz dla wystawc\u00f3w i zbi\u00f3r inspiracji na \u015bwiatowym poziomie. Pierwszy numer \u201eTREND.expo\u00ad\u201d bierze na warsztat kolor i jego znaczenie w tworzeniu stoiska targowego.<\/em><\/p>\n","protected":false},"excerpt":{"rendered":"<p>Kolor intensywnie wp\u0142ywa na odbi\u00f3r otoczenia, dzia\u0142a na pod\u015bwiadomo\u015b\u0107, pe\u0142ni\u0105c ogromn\u0105 rol\u0119 w podejmowaniu decyzji zakupowych. Dlatego te\u017c odpowiednie dobranie barw podczas spotka\u0144 biznesowych, zaaran\u017cowanych na targach bran\u017cowych, daje zwiedzaj\u0105cym mo\u017cliwo\u015b\u0107 bliskiego do\u015bwiadczenia marki oraz prze\u017cycia niepowtarzalnych emocji. Kolor to [&hellip;]<\/p>\n","protected":false},"author":9,"featured_media":7555,"comment_status":"open","ping_status":"open","sticky":false,"template":"","format":"standard","meta":[],"categories":[82],"tags":[197,200,198,196],"aioseo_notices":[],"_links":{"self":[{"href":"https:\/\/dotrelations.pl\/news\/wp-json\/wp\/v2\/posts\/7546"}],"collection":[{"href":"https:\/\/dotrelations.pl\/news\/wp-json\/wp\/v2\/posts"}],"about":[{"href":"https:\/\/dotrelations.pl\/news\/wp-json\/wp\/v2\/types\/post"}],"author":[{"embeddable":true,"href":"https:\/\/dotrelations.pl\/news\/wp-json\/wp\/v2\/users\/9"}],"replies":[{"embeddable":true,"href":"https:\/\/dotrelations.pl\/news\/wp-json\/wp\/v2\/comments?post=7546"}],"version-history":[{"count":3,"href":"https:\/\/dotrelations.pl\/news\/wp-json\/wp\/v2\/posts\/7546\/revisions"}],"predecessor-version":[{"id":7554,"href":"https:\/\/dotrelations.pl\/news\/wp-json\/wp\/v2\/posts\/7546\/revisions\/7554"}],"wp:featuredmedia":[{"embeddable":true,"href":"https:\/\/dotrelations.pl\/news\/wp-json\/wp\/v2\/media\/7555"}],"wp:attachment":[{"href":"https:\/\/dotrelations.pl\/news\/wp-json\/wp\/v2\/media?parent=7546"}],"wp:term":[{"taxonomy":"category","embeddable":true,"href":"https:\/\/dotrelations.pl\/news\/wp-json\/wp\/v2\/categories?post=7546"},{"taxonomy":"post_tag","embeddable":true,"href":"https:\/\/dotrelations.pl\/news\/wp-json\/wp\/v2\/tags?post=7546"}],"curies":[{"name":"wp","href":"https:\/\/api.w.org\/{rel}","templated":true}]}}