{"id":6335,"date":"2018-07-03T10:01:21","date_gmt":"2018-07-03T08:01:21","guid":{"rendered":"https:\/\/dotrelations.pl\/news\/?p=6335"},"modified":"2018-07-13T10:05:20","modified_gmt":"2018-07-13T08:05:20","slug":"7-elementow-prawidlowej-pielegnacji-wlosow-latem","status":"publish","type":"post","link":"https:\/\/dotrelations.pl\/news\/2018\/07\/03\/7-elementow-prawidlowej-pielegnacji-wlosow-latem\/","title":{"rendered":"7 element\u00f3w prawid\u0142owej piel\u0119gnacji w\u0142os\u00f3w latem"},"content":{"rendered":"<p style=\"text-align: justify;\"><strong><em>S\u0142oneczna pogoda w tym sezonie wyj\u0105tkowo nas rozpieszcza. Z ka\u017cdej strony docieraj\u0105 do nas jednak komunikaty o tym, aby pami\u0119ta\u0107 o odpowiedniej ochronie sk\u00f3ry i nawodnieniu organizmu. Rzadko jednak zwracamy uwag\u0119 na fakt, \u017ce s\u0142o\u0144ce zbiera \u017cniwo tak\u017ce w postaci \u0142ami\u0105cych si\u0119 i os\u0142abionych kondycyjnie w\u0142os\u00f3w. Niestety, kilka tygodni pogodnego lata potrafi zniszczy\u0107 \u00a0pi\u0119kn\u0105, b\u0142yszcz\u0105c\u0105 oraz \u0142atw\u0105 w u\u0142o\u017ceniu fryzur\u0119.<\/em><\/strong><\/p>\n<p style=\"text-align: justify;\">Lato nie oszcz\u0119dza nikogo. Nawet posiadaczki najzdrowszych i najg\u0119stszych w\u0142os\u00f3w powinny w okresie wakacyjnym dok\u0142adnie przemy\u015ble\u0107 swoj\u0105 piel\u0119gnacj\u0119. Wysoka temperatura, promienie UV, pot, wiatr i kurz potrafi\u0105 zniszczy\u0107 w tym czasie tak\u017ce najzdrowsze w\u0142osy. Lato jest r\u00f3wnie\u017c ci\u0119\u017ckie dla sk\u00f3ry g\u0142owy, gdy\u017c powoduje jej sucho\u015b\u0107, a czasami prowadzi nawet do oparzenia s\u0142onecznego. <em>&#8211; Powszechnie uwa\u017ca si\u0119, \u017ce w\u0142osy chroni\u0105 sk\u00f3r\u0119 g\u0142owy. Niestety tak nie jest. Tymczasem sucha sk\u00f3ra g\u0142owy oznacza dodatkowe problemy i mo\u017ce spowodowa\u0107 uszkodzenie samych cebulek w\u0142os\u00f3w <\/em>&#8211; m\u00f3wi Andrzej Wierzbicki, jeden z za\u0142o\u017cycieli marki fryzjerskiej oraz kosmetyk\u00f3w do w\u0142os\u00f3w WS Academy Wierzbicki &amp; Schmidt. <em>\u2013 Wa\u017cnym jest wi\u0119c, by uwzgl\u0119dni\u0107 w piel\u0119gnacji zar\u00f3wno w\u0142osy, jak i sam\u0105 sk\u00f3r\u0119 g\u0142owy. Odpowiednio przemy\u015blane i dobrane dzia\u0142ania, nastawione na nawil\u017cenie oraz ochron\u0119 przed zewn\u0119trznymi czynnikami atmosferycznymi, zapobiegn\u0105 zniszczeniu, a tak\u017ce poprawi\u0105 wygl\u0105d fryzury nawet w tak trudnym okresie, jakim jest lato. Wystarczy zastosowa\u0107 si\u0119 do kilku wskaz\u00f3wek <\/em>\u2013 dodaje Wierzbicki.<\/p>\n<h2 style=\"text-align: justify;\"><strong>Obetnij ko\u0144c\u00f3wki <\/strong><\/h2>\n<p style=\"text-align: justify;\">Jest to ju\u017c potwierdzone &#8211; w\u0142osy latem naprawd\u0119 rosn\u0105 szybciej ni\u017c zim\u0105. Wp\u0142yw na to ma kilka czynnik\u00f3w, jednak te najwazniejsze to lepsza dieta (spo\u017cywamy bowiem wi\u0119cej \u015bwie\u017cych owoc\u00f3w i warzyw) oraz wy\u017csza temperatura na dworze (naczynia krwiono\u015bne rozszerzaj\u0105 si\u0119 i dostarczaj\u0105 wi\u0119cej substancji od\u017cywczych do cebulek w\u0142osowych). Bez wyrzut\u00f3w sumienia mo\u017cna wi\u0119c pozby\u0107 si\u0119, wraz z rozpocz\u0119ciem ciep\u0142ego sezonu, rozdwojonych ko\u0144c\u00f3wek. Tym bardziej, \u017ce zniszczonego w ten spos\u00f3b w\u0142osa nie mo\u017cna ju\u017c naprawi\u0107, a samo rozdwojenie mo\u017ce si\u0119 wy\u0142\u0105cznie powi\u0119ksza\u0107 w kierunku nasady. Poprzez obci\u0119cie ko\u0144c\u00f3wek nie tylko wi\u0119c od\u015bwie\u017cymy sw\u00f3j wizerunek przed latem, lecz r\u00f3wnie\u017c zadzia\u0142amy prewencyjnie.<\/p>\n<h2 style=\"text-align: justify;\">Dobierz w\u0142a\u015bciwe kosmetyki<\/h2>\n<p style=\"text-align: justify;\">Latem zanieczyszczenia i sebum gromadz\u0105 si\u0119 szybciej zar\u00f3wno na sk\u00f3rze g\u0142owy, jak i na samych w\u0142osach. \u2013 <em>W tych najcieplejszych miesi\u0105cach sk\u00f3ra g\u0142owy jest zdecydowanie bardziej wra\u017cliwa i wymaga regeneracji. W zwi\u0105zku z tym nale\u017cy stosowa\u0107 specjaln\u0105 piel\u0119gnacj\u0119, kt\u00f3ra delikatnie oczy\u015bci, a przy tym nie wywo\u0142a podra\u017cnie\u0144. \u015awiadomi tej potrzeby, tworz\u0105c lini\u0119 autorskich kosmetyk\u00f3w WS Academy zadbali\u015bmy o to, by powsta\u0142 produkt idealnie nadaj\u0105cy si\u0119 w\u0142a\u015bnie na czas lata. Eliksir z serii bezzapachowowej to kosmetyk bez SLS i paraben\u00f3w, kt\u00f3ry nie obci\u0105\u017ca w\u0142os\u00f3w <\/em>\u2013 t\u0142umaczy Tomasz Schmidt, wsp\u00f3\u0142tw\u00f3rca marki WS Academy. <em>\u2013 Nie powinno si\u0119 jednak poprzesta\u0107 wy\u0142\u0105cznie na standardowej piel\u0119gnacji. Istotnym jest te\u017c wsparcie w\u0142os\u00f3w dodatkow\u0105 warstw\u0105 ochronn\u0105 w ci\u0105gu dnia, gdy\u017c szczeg\u00f3lnie wtedy nara\u017cone s\u0105 one na wysokie temperatury. Warto wi\u0119c mie\u0107 przy sobie co\u015b podr\u0119cznego, co w prosty spos\u00f3b i w dowolnym momencie na\u0142o\u017cymy na w\u0142osy. W\u0142a\u015bnie takie za\u0142o\u017cenia towarzyszy\u0142y nam wprowadzeniu na rynek naszej linii od\u017cywek w sprayu 20w1 Poranna Rosa oraz Wiosenna Aura. Obie skutecznie chroni\u0105 przed zmiennymi czynnikami atmosferycznymi i uszkodzeniami mechanicznymi, a tak\u017ce nawil\u017caj\u0105 w\u0142osy w tych najtrudniejszych dla nich momentach \u2013<\/em> dodaje Tomek.<\/p>\n<h2 style=\"text-align: justify;\"><strong>Nawadniaj si\u0119<\/strong><\/h2>\n<p style=\"text-align: justify;\">Zgodnie z sugestiami dietetyk\u00f3w, doros\u0142y cz\u0142owiek powinien wypija\u0107 \u015brednio 2-3 litry wody dziennie (ilo\u015b\u0107 wymaganych p\u0142yn\u00f3w oczywi\u015bcie wrasta wraz z wysi\u0142kiem fizycznym oraz indywidualnym zapotrzebowaniem i wysoko\u015bci\u0105 temperatury powietrza). Regularnie przyjmowane p\u0142yny nie tylko dzia\u0142aj\u0105 dobrze na nasz umys\u0142 i stan zdrowia, lecz r\u00f3wnie\u017c na kondycj\u0119 w\u0142os\u00f3w. Dodatkowo nie powinno si\u0119 zapomina\u0107 o g\u0142\u0119boko nawil\u017caj\u0105cych kuracjach, kt\u00f3re mo\u017cna zar\u00f3wno zafundowa\u0107 sobie w ramach ma\u0142ego\u00a0 prezentu w gabinecie fryzjerskim, jak i zorganizowa\u0107 samodzielnie w domu, z u\u017cyciem odpowiednio dobranych kosmetyk\u00f3w. Wystarczy dwa razy w tygodniu na\u0142o\u017cy\u0107 na w\u0142osy mocno nawil\u017caj\u0105c\u0105 mask\u0119 i przytrzyma\u0107 j\u0105 na nich oko\u0142o 10 min. przed sp\u0142ukaniem, aby nasze w\u0142osy odwdzi\u0119czy\u0142y si\u0119 zdrowsz\u0105 prezencj\u0105.<\/p>\n<h2 style=\"text-align: justify;\">Przed k\u0105piel\u0105 zadbaj o ochron\u0119<\/h2>\n<p style=\"text-align: justify;\">Wysokie st\u0119\u017cenie soli w wodzie morskiej powoduje odwodnienie w\u0142os\u00f3w i sk\u00f3ry, natomiast chlor z basen\u00f3w usuwa z kosmyk\u00f3w naturalne olejki ochronne otwieraj\u0105c tym samym ich struktur\u0119 i sprawiaj\u0105c, \u017ce maj\u0105 one wi\u0119ksz\u0105 tendencj\u0119 do \u0142amania si\u0119. Jak si\u0119 przed tym chroni\u0107? <em>&#8211; Przed rozpocz\u0119ciem k\u0105pieli w dowolnym zbiorniku wodnym, warto zamoczy\u0107 swoje w\u0142osy w czystej wodzie lub na\u0142o\u017cy\u0107 na nie niewielk\u0105 ilo\u015b\u0107 od\u017cywki do w\u0142os\u00f3w. Tak przygotowane nie wch\u0142on\u0105 tyle wody s\u0142onej czy innych substancji chemicznych z basenu &#8211;<\/em> m\u00f3wi Wierzbicki. Sugerowane jest r\u00f3wnie\u017c op\u0142ukanie w\u0142os\u00f3w po k\u0105pieli. Je\u015bli w pobli\u017cu nie ma dost\u0119pnego prysznica, butelka ze \u015bwie\u017c\u0105 wod\u0105 jest wystarczaj\u0105cym rozwi\u0105zaniem.<\/p>\n<h2 style=\"text-align: justify;\">Chro\u0144 si\u0119 przed mocnym s\u0142o\u0144cem<\/h2>\n<p style=\"text-align: justify;\">S\u0142o\u0144ce bardzo podobnie jak chlor, rozszczelnia \u0142uski w\u0142osa, przez co do \u015brodka naszych kosmyk\u00f3w dostaj\u0105 si\u0119 niszcz\u0105ce promienie UV. Warto stworzy\u0107 codzienny nawyk stosowania produkt\u00f3w do piel\u0119gnacji zawieraj\u0105cych odpowiednie filtry ochronne. To dzi\u0119ki nim w\u0142osy nie b\u0119d\u0105 tak mocno nara\u017cone na szkodliwe dzia\u0142anie promieni s\u0142onecznych. Dodatkowo zapobiegniemy blakni\u0119ciu w\u0142os\u00f3w farbowanych. Kapelusz z szerokim rondem b\u0105d\u017a czapka z daszkiem s\u0105 r\u00f3wnie\u017c skutecznym sposobem przeciwdzia\u0142aj\u0105cym podra\u017cnieniu sk\u00f3ry nie tylko g\u0142owy, lecz r\u00f3wnie\u017c uszu i karku.<\/p>\n<h2 style=\"text-align: justify;\"><strong>Rozczesuj delikatnie<\/strong><\/h2>\n<p style=\"text-align: justify;\">Czy to po wyj\u015bciu z wody, czy po spacerze w wietrzny dzie\u0144 w g\u00f3rach &#8211; warto by\u0107 \u015bwiadomym, \u017ce latem cz\u0119\u015bciej rozczesujemy nasze fryzury, dlatego powinni\u015bmy robi\u0107 to delikatnie, \u017ceby wraz z kolejnymi poci\u0105gni\u0119ciami szczotk\u0105 (a najlepiej grzebieniem z szeroko rozstawionymi w\u0142osami) nie pozbywa\u0107 si\u0119 r\u00f3wnocze\u015bnie kolejnych gar\u015bci w\u0142os\u00f3w. Zawsze rozpoczynamy t\u0119 czynno\u015b\u0107 od ko\u0144c\u00f3wek i powoli przesuwamy si\u0119 z czesaniem w g\u00f3r\u0119 w\u0142os\u00f3w, redukuj\u0105c wszelkie powsta\u0142e spl\u0105tania. Je\u015bli w\u0142osy stawiaj\u0105 op\u00f3r, powinni\u015bmy \u00a0skorzysta\u0107 z dedykowanych do rozczesywania \u015brodk\u00f3w.<\/p>\n<h2 style=\"text-align: justify;\"><strong>Odpu\u015b\u0107 \u2013 stylizacj\u0119 na ciep\u0142o<\/strong><\/h2>\n<p style=\"text-align: justify;\">Ostatnie, ale nie mniej wa\u017cne. Przynajmniej raz lub dwa razy w tygodniu powinno si\u0119 zrobi\u0107 przerw\u0119 od suszarki, prostownicy i lok\u00f3wki. Stylizacja na ciep\u0142o bardzo mocno obci\u0105\u017ca w\u0142osy, tak\u017ce w trakcie innych p\u00f3r roku, jednak latem w zestawieniu z codziennymi upa\u0142ami zwyczajnie prowadzi do ich wyniszczenia.<\/p>\n<p style=\"text-align: justify;\">Podsumowuj\u0105c, w okresie wakacyjnym warto stosowa\u0107 si\u0119 do tych kilku piel\u0119gnacyjnych i stylizacyjnych porad dotycz\u0105cych w\u0142os\u00f3w, gdy\u017c nie s\u0105 one ani czasoch\u0142onne, ani skomplikowane, a mog\u0105 przynie\u015b\u0107 widoczne rezultaty w postaci prawdziwie pi\u0119knych w\u0142os\u00f3w.<\/p>\n<p>&nbsp;<\/p>\n","protected":false},"excerpt":{"rendered":"<p>S\u0142oneczna pogoda w tym sezonie wyj\u0105tkowo nas rozpieszcza. Z ka\u017cdej strony docieraj\u0105 do nas jednak komunikaty o tym, aby pami\u0119ta\u0107 o odpowiedniej ochronie sk\u00f3ry i nawodnieniu organizmu. Rzadko jednak zwracamy uwag\u0119 na fakt, \u017ce s\u0142o\u0144ce zbiera \u017cniwo tak\u017ce w postaci [&hellip;]<\/p>\n","protected":false},"author":6,"featured_media":6337,"comment_status":"open","ping_status":"open","sticky":false,"template":"","format":"standard","meta":[],"categories":[50],"tags":[],"aioseo_notices":[],"_links":{"self":[{"href":"https:\/\/dotrelations.pl\/news\/wp-json\/wp\/v2\/posts\/6335"}],"collection":[{"href":"https:\/\/dotrelations.pl\/news\/wp-json\/wp\/v2\/posts"}],"about":[{"href":"https:\/\/dotrelations.pl\/news\/wp-json\/wp\/v2\/types\/post"}],"author":[{"embeddable":true,"href":"https:\/\/dotrelations.pl\/news\/wp-json\/wp\/v2\/users\/6"}],"replies":[{"embeddable":true,"href":"https:\/\/dotrelations.pl\/news\/wp-json\/wp\/v2\/comments?post=6335"}],"version-history":[{"count":2,"href":"https:\/\/dotrelations.pl\/news\/wp-json\/wp\/v2\/posts\/6335\/revisions"}],"predecessor-version":[{"id":6342,"href":"https:\/\/dotrelations.pl\/news\/wp-json\/wp\/v2\/posts\/6335\/revisions\/6342"}],"wp:featuredmedia":[{"embeddable":true,"href":"https:\/\/dotrelations.pl\/news\/wp-json\/wp\/v2\/media\/6337"}],"wp:attachment":[{"href":"https:\/\/dotrelations.pl\/news\/wp-json\/wp\/v2\/media?parent=6335"}],"wp:term":[{"taxonomy":"category","embeddable":true,"href":"https:\/\/dotrelations.pl\/news\/wp-json\/wp\/v2\/categories?post=6335"},{"taxonomy":"post_tag","embeddable":true,"href":"https:\/\/dotrelations.pl\/news\/wp-json\/wp\/v2\/tags?post=6335"}],"curies":[{"name":"wp","href":"https:\/\/api.w.org\/{rel}","templated":true}]}}