{"id":5719,"date":"2017-05-11T05:00:00","date_gmt":"2017-05-11T03:00:00","guid":{"rendered":"https:\/\/dotrelations.pl\/news\/2017\/05\/11\/wiosenne-porzadki-na-glowie\/"},"modified":"2018-07-13T10:35:24","modified_gmt":"2018-07-13T08:35:24","slug":"wiosenne-porzadki-na-glowie","status":"publish","type":"post","link":"https:\/\/dotrelations.pl\/news\/2017\/05\/11\/wiosenne-porzadki-na-glowie\/","title":{"rendered":"Wiosenne porz\u0105dki na g\u0142owie"},"content":{"rendered":"<p style=\"text-align: justify;\"><strong>Przesuszenie, brak po\u0142ysku i \u0142amliwo\u015b\u0107 w\u0142os\u00f3w to najcz\u0119stsze problemy, z jakimi musimy si\u0119 zmaga\u0107 jeszcze d\u0142ugo po zako\u0144czeniu zimy. Tymczasem zadbane i zdrowe w\u0142osy wp\u0142ywaj\u0105 na nasze samopoczucie, daj\u0105c nam wi\u0119ksz\u0105 pewno\u015b\u0107 siebie. Dlatego wiosna to najlepszy czas na regeneracj\u0119 i &amp;nbsp;przeprowadzenie mniejszej lub wi\u0119kszej metamorfozy. <\/strong><\/p>\n<p style=\"text-align: justify;\">Na kondycj\u0119 i wygl\u0105d naszej fryzury wp\u0142ywa wiele czynnik\u00f3w \u2013 zdrowie, dieta, styl \u017cycia, stosowane kosmetyki oraz oczywi\u015bcie warunki atmosferyczne. Du\u017ce zmiany pogodowe powoduj\u0105, \u017ce nasza sk\u00f3ra g\u0142owy i w\u0142osy s\u0105 szczeg\u00f3lnie nara\u017cone na dzia\u0142anie szkodliwych czynnik\u00f3w zewn\u0119trznych, przez&amp;nbsp;co mo\u017cemy zaobserwowa\u0107 zwi\u0119kszone wypadanie, przesuszenie, elektryzowanie si\u0119 i mocniejsze ni\u017c zwykle przet\u0142uszczanie. Chc\u0105c nada\u0107 fryzurze pi\u0119kny wygl\u0105d, warto zadzia\u0142a\u0107 szybko i kompleksowo. Dzi\u0119ki odpowiednio przeprowadzonej piel\u0119gnacji nasze w\u0142osy odzyskaj\u0105 spr\u0119\u017cysto\u015b\u0107 oraz blask.<\/p>\n<h2 style=\"text-align: justify;\"><strong>Akcja regeneracja<\/strong><\/h2>\n<p style=\"text-align: justify;\">W\u0142a\u015bciwa piel\u0119gnacja w\u0142os\u00f3w powinna opiera\u0107 si\u0119 na zdrowym od\u017cywianiu oraz stosowaniu profesjonalnych kosmetyk\u00f3w z &amp;nbsp;bogatym sk\u0142adem. Kluczowe jest dzia\u0142anie od wewn\u0105trz i zewn\u0105trz.<\/p>\n<p style=\"text-align: justify;\">\u2013 <em>Wybierajmy szampony i od\u017cywki zawieraj\u0105ce du\u017c\u0105 ilo\u015b\u0107 sk\u0142adnik\u00f3w aktywnych, kt\u00f3re zapewniaj\u0105 skuteczniejsz\u0105 piel\u0119gnacj\u0119. <\/em><em>Zbawienne dzia\u0142anie maj\u0105 m.in. algi morskie, wyci\u0105gi z zi\u00f3\u0142, np. nagietka, jasnoty, czy sza\u0142wii oraz ekstrakty owocowe<\/em>. <em>Odbudowa i regeneracja powinna polega\u0107 tak\u017ce na uzupe\u0142nieniu struktury w\u0142os\u00f3w w naturalne budulce, czyli keratyn\u0119, witaminy A, E, K, PP, B i C oraz minera\u0142y, takie jak cynk, magnez, mied\u017a, selen <\/em>\u2013 m\u00f3wi <strong>Andrzej Wierzbicki, wsp\u00f3\u0142za\u0142o\u017cyciel salon\u00f3w i marki kosmetyk\u00f3w WS Academy. <\/strong><\/p>\n<p style=\"text-align: justify;\">Nasza dieta powinna by\u0107 bogata w witaminy i minera\u0142y, ale r\u00f3wnie\u017c w produkty zawieraj\u0105ce bia\u0142ko oraz nienasycone kwasy t\u0142uszczowe, kt\u00f3re s\u0105 szczeg\u00f3lnie pomocne przy zwi\u0119kszonym wypadaniu w\u0142os\u00f3w. Je\u015bli zmagamy si\u0119 z takowym problemem, tutaj r\u00f3wnie\u017c z pomoc\u0105 przyjd\u0105 fachowe kosmetyki.<\/p>\n<p style=\"text-align: justify;\">\u2013<em> O <\/em><em>dobr\u0105 kondycj\u0119 w\u0142os\u00f3w powinny zadba\u0107 preparaty dobrane odpowiednio do ich potrzeb. Wyb\u00f3r tych w\u0142a\u015bciwych to pierwszy krok. Cz\u0119sto si\u0119gamy po kosmetyki chroni\u0105ce kolor, czy dodaj\u0105ce obj\u0119to\u015bci, a tymczasem nic nam one nie dadz\u0105, je\u015bli w\u0142os\u00f3w wci\u0105\u017c b\u0119dzie ubywa\u0107. Maj\u0105c \u015bwiadomo\u015b\u0107 skali tego problemu wprowadzili\u015bmy na rynek lini\u0119 kosmetyk\u00f3w, w kt\u00f3rej znajduj\u0105 si\u0119 dwa eliksiry&amp;nbsp; \u2013 szampony dedykowane temu problemowi. Drugim krokiem jest dok\u0142adne oczyszczenie sk\u00f3ry g\u0142owy podczas mycia, bo tylko c<\/em><em>zysta sk\u00f3ra to zdrowa sk\u00f3ra, a zdrowa sk\u00f3ra to zdrowy w\u0142os<\/em>&amp;nbsp;<em> \u2013 <\/em>podkre\u015bla <strong>Tomasz Schmidt, wsp\u00f3\u0142za\u0142o\u017cyciel salon\u00f3w i marki kosmetyk\u00f3w WS Academy<\/strong><strong>.<\/strong><\/p>\n<h2 style=\"text-align: justify;\"><strong>A mo\u017ce wi\u0119ksza metamorfoza?<\/strong><\/h2>\n<p style=\"text-align: justify;\">Podci\u0119cie ko\u0144c\u00f3wek po zimie to konieczno\u015b\u0107, kt\u00f3ra jednocze\u015bnie mo\u017ce sprawi\u0107, \u017ce fryzura nabierze zdrowszego wygl\u0105du. Mo\u017ce jednak warto odwa\u017cy\u0107 si\u0119 na co\u015b wi\u0119cej?<\/p>\n<p style=\"text-align: justify;\">\u2013 <em>Wiosna to okres, w kt\u00f3rym warto zafundowa\u0107 sobie metamorfoz\u0119 i zdecydowa\u0107 si\u0119 na odwa\u017cniejsze ci\u0119cie, ostre ci\u0119cie<\/em> \u2013 przekonuje Andrzej Wierzbicki, stylista fryzur. \u2013 <em>Je\u015bli jednak nie chcemy skraca\u0107 w\u0142os\u00f3w, mo\u017cemy poprzesta\u0107 na stylowym uczesaniu. Hitem sezonu dla m\u0119\u017cczyzn jest fryzura \u201ena surfera\u201d, czyli d\u0142u\u017csze, czesane wiatrem w\u0142osy. Do ich stylizacji u\u017cywa si\u0119 naturalnych preparat\u00f3w, np. soli morskiej, podkre\u015blaj\u0105cej lekki skr\u0119t w\u0142os\u00f3w, tak charakterystyczny dla tej fryzury. Jednym z kobiecych trend\u00f3w s\u0105 natomiast loki, kt\u00f3re powinny by\u0107 suszone naturalnie, albo suszark\u0105 z dyfuzorem, aby unikn\u0105\u0107 niechcianego efektu puszenia <\/em>\u2013 dodaje Wierzbicki.<\/p>\n<h2 style=\"text-align: justify;\"><strong>Koloryzacja dobrana do cery<\/strong><\/h2>\n<p style=\"text-align: justify;\">Kolor w\u0142os\u00f3w to jeden z wa\u017cniejszych wyr\u00f3\u017cnik\u00f3w postrzegania naszej fryzury. O ile niekt\u00f3rzy mog\u0105 obawia\u0107 si\u0119 radykalnego ci\u0119cia lub na przeprowadzenie rewolucji nie pozwala im d\u0142ugo\u015b\u0107 ich w\u0142os\u00f3w, o tyle na zmian\u0119 koloru lub od\u015bwie\u017cenie mo\u017ce pokusi\u0107 si\u0119 niemal ka\u017cdy. W\u015br\u00f3d najmodniejszych trend\u00f3w kolorystycznych wci\u0105\u017c kr\u00f3luje \u201enaturalno\u015b\u0107\u201d, czyli kolor idealnie dobrany do cery. Naturalny kolor w\u0142os\u00f3w jest ciemniejszy i ch\u0142odniejszy u nasady, a przy ko\u0144cach przechodzi \u0142agodnie w ja\u015bniejszy, cieplejszy kolor. Kluczem do udanego zabiegu jest wykonanie wcze\u015bniej analizy kolorystycznej, tak by wybrany odcie\u0144 w naturalny spos\u00f3b podkre\u015bla\u0142 atuty urody.<\/p>\n<p style=\"text-align: justify;\">\u2013<em> Efekt naturalno\u015bci mo\u017cna osi\u0105ga\u0107 na kilka sposob\u00f3w. Absolutnym hitem ostatnio jest tzw. koloryzacja \u201eflower\u201d czyli farbowanie w r\u00f3\u017cnych odcieniach, a tak\u017ce \u201esombre\u201d, w kt\u00f3rym mamy do czynienia z bardzo delikatnymi przej\u015bciami kolorystycznymi lub \u201ebaby lights sunlights\u201d imituj\u0105ce rozja\u015bnienie od s\u0142o\u0144ca<\/em> \u2013 wylicza mistrz koloryzacji Tomasz Schmidt. \u2013 <em>Do lamusa odchodzi natomiast \u201eombre\u201d i \u201eprzeci\u0105gni\u0119ty odrost\u201d<\/em> \u2013 dodaje Schmidt.<\/p>\n<p style=\"text-align: justify;\">Poza \u201ewiosennymi porz\u0105dkami na g\u0142owie\u201d pami\u0119tajmy jednak, \u017ce o w\u0142osy oraz sk\u00f3r\u0119 g\u0142owy trzeba dba\u0107 przez ca\u0142y rok, dlatego stale dbajmy o&amp;nbsp;ich odpowiednie oczyszczenie i od\u017cywienie. W ko\u0144cu zadbane w\u0142osy, to ol\u015bniewaj\u0105ca Ty.<\/p>\n<p><img src=\"https:\/\/biuroprasowe.netpr.pl\/prstats.po?p=354208\" border=\"0\" \/><\/p>\n","protected":false},"excerpt":{"rendered":"<p>Przesuszenie, brak po\u0142ysku i \u0142amliwo\u015b\u0107 w\u0142os\u00f3w to najcz\u0119stsze problemy, z jakimi musimy si\u0119 zmaga\u0107 jeszcze d\u0142ugo po zako\u0144czeniu zimy. Tymczasem zadbane i zdrowe w\u0142osy wp\u0142ywaj\u0105 na nasze samopoczucie, daj\u0105c nam wi\u0119ksz\u0105 pewno\u015b\u0107 siebie. Dlatego wiosna to najlepszy czas na regeneracj\u0119 [&hellip;]<\/p>\n","protected":false},"author":6,"featured_media":5720,"comment_status":"open","ping_status":"open","sticky":false,"template":"","format":"standard","meta":[],"categories":[50],"tags":[],"aioseo_notices":[],"_links":{"self":[{"href":"https:\/\/dotrelations.pl\/news\/wp-json\/wp\/v2\/posts\/5719"}],"collection":[{"href":"https:\/\/dotrelations.pl\/news\/wp-json\/wp\/v2\/posts"}],"about":[{"href":"https:\/\/dotrelations.pl\/news\/wp-json\/wp\/v2\/types\/post"}],"author":[{"embeddable":true,"href":"https:\/\/dotrelations.pl\/news\/wp-json\/wp\/v2\/users\/6"}],"replies":[{"embeddable":true,"href":"https:\/\/dotrelations.pl\/news\/wp-json\/wp\/v2\/comments?post=5719"}],"version-history":[{"count":3,"href":"https:\/\/dotrelations.pl\/news\/wp-json\/wp\/v2\/posts\/5719\/revisions"}],"predecessor-version":[{"id":6378,"href":"https:\/\/dotrelations.pl\/news\/wp-json\/wp\/v2\/posts\/5719\/revisions\/6378"}],"wp:featuredmedia":[{"embeddable":true,"href":"https:\/\/dotrelations.pl\/news\/wp-json\/wp\/v2\/media\/5720"}],"wp:attachment":[{"href":"https:\/\/dotrelations.pl\/news\/wp-json\/wp\/v2\/media?parent=5719"}],"wp:term":[{"taxonomy":"category","embeddable":true,"href":"https:\/\/dotrelations.pl\/news\/wp-json\/wp\/v2\/categories?post=5719"},{"taxonomy":"post_tag","embeddable":true,"href":"https:\/\/dotrelations.pl\/news\/wp-json\/wp\/v2\/tags?post=5719"}],"curies":[{"name":"wp","href":"https:\/\/api.w.org\/{rel}","templated":true}]}}