{"id":5711,"date":"2018-01-05T08:12:00","date_gmt":"2018-01-05T07:12:00","guid":{"rendered":"https:\/\/dotrelations.pl\/news\/2018\/01\/05\/czy-do-kosmetykow-trzeba-miec-nosa\/"},"modified":"2018-07-13T10:11:15","modified_gmt":"2018-07-13T08:11:15","slug":"czy-do-kosmetykow-trzeba-miec-nosa","status":"publish","type":"post","link":"https:\/\/dotrelations.pl\/news\/2018\/01\/05\/czy-do-kosmetykow-trzeba-miec-nosa\/","title":{"rendered":"Czy do kosmetyk\u00f3w trzeba mie\u0107 nosa?"},"content":{"rendered":"<p style=\"text-align: justify;\"><strong>Pi\u0119kne oraz zdrowe w\u0142osy to jeden z najwi\u0119kszych atut\u00f3w urody i tym samym marzenie wi\u0119kszo\u015bci os\u00f3b. Czasem jednak droga do idealnej fryzury nie jest \u0142atwa, bo mimo szerokiej oferty kosmetyk\u00f3w piel\u0119gnacyjnych, wcale nie jest \u0142atwo znale\u017a\u0107 najlepsze dla siebie. Bywa, \u017ce markowy, pachn\u0105cy kosmetyk mo\u017ce nam nie s\u0142u\u017cy\u0107, a nawet wyrz\u0105dzi\u0107 w\u0142osom wiele szk\u00f3d. Z czego to wynika? Jak si\u0119 przed tym uchroni\u0107?<\/strong><\/p>\n<h2 style=\"text-align: justify;\"><strong>Zakupy \u2013 przyjemne, ale czy na pewno proste?<\/strong><\/h2>\n<p style=\"text-align: justify;\">Stoj\u0105c przed p\u00f3\u0142k\u0105 sklepow\u0105 mo\u017cemy czu\u0107 si\u0119 bezradni. Produkty do piel\u0119gnacji w\u0142os\u00f3w kusz\u0105 nas kszta\u0142tami opakowa\u0144, pi\u0119knymi etykietami, modnymi has\u0142ami, takimi jak \u201ebio\u201d lub \u201eeco\u201d, czy wreszcie wyj\u0105tkow\u0105 kompozycj\u0105 zapachow\u0105, kt\u00f3rej ostatecznie bardzo cz\u0119sto dajemy si\u0119 oczarowa\u0107. Im wi\u0119ksze nadzieje wi\u0105\u017cemy z danym kosmetykiem, tym wi\u0119ksze bywa rozczarowanie, gdy ten nie tylko nie dzia\u0142a tak jak zak\u0142adali\u015bmy, ale i np. przysparza nam k\u0142opotliwych dolegliwo\u015bci. Konsekwencj\u0105 wyboru niew\u0142a\u015bciwego kosmetyku mog\u0105 by\u0107 bowiem r\u00f3\u017cnego rodzaju podra\u017cnienia, a nawet alergie.<\/p>\n<h2 style=\"text-align: justify;\"><strong>Kilka fakt\u00f3w o alergii<\/strong><\/h2>\n<p style=\"text-align: justify;\">Wed\u0142ug Polskiego Towarzystwa Alergologicznego alergia to \u201esk\u0142onno\u015b\u0107 do nadmiernego reagowania na powszechnie wyst\u0119puj\u0105ce substancje\u201d, kt\u00f3rej do\u015bwiadcza cho\u0107 raz w ci\u0105gu ca\u0142ego swojego \u017cycia prawie ka\u017cdy z nas. Niestety dolegliwo\u015b\u0107 ta przybiera na sile, przez co cieszy si\u0119 niechlubnym tytu\u0142em najpowszechniejszej, przewlek\u0142ej choroby cywilizacyjnej w Europie. European Academy of Allergy and Clinical Immunology podaje, \u017ce cierpi na ni\u0105 ponad 150 milion\u00f3w Europejczyk\u00f3w, czyli ok. 30% wszystkich mieszka\u0144c\u00f3w UE, a w ci\u0105gu 8 lat liczba ta wzro\u015bnie do 50%. Wp\u0142ywa na to rosn\u0105ca liczba alergen\u00f3w, kt\u00f3rych tylko na ten moment medycyna wyr\u00f3\u017cnia kilka tysi\u0119cy. W\u015br\u00f3d nich s\u0105 alergeny kontaktowe, znajduj\u0105ce si\u0119 w\u0142a\u015bnie m.in. w kosmetykach. List\u0119 najbardziej podra\u017cniaj\u0105cych substancji otwiera nikiel, a zaraz po nim wskazuje si\u0119 na rozmaite mieszkanki zapachowe \u2013 naturalne i syntetyczne.<\/p>\n<h2 style=\"text-align: justify;\"><strong>Bezpiecznie, czyli bez zapachu?<\/strong><\/h2>\n<p style=\"text-align: justify;\">National Center for Biotechnology Information z USA zwraca uwag\u0119, \u017ce nawet 1\/3 wszystkich alergicznych reakcji na kosmetyki jest zwi\u0105zana z ich zapachem. Co ciekawe, podra\u017cnienia sk\u00f3rne wyst\u0119puj\u0105 dwa razy cz\u0119\u015bciej u kobiet ni\u017c u m\u0119\u017cczyzn. Nadwra\u017cliwo\u015b\u0107 zauwa\u017ca si\u0119 ju\u017c w wieku dzieci\u0119cym, a u nastolatk\u00f3w liczba reakcji alergicznych wzrasta o 15%.<\/p>\n<p style=\"text-align: justify;\">&#8211; <em>\u201eNadwra\u017cliwo\u015b\u0107 na kosmetyki to problem, kt\u00f3ry pojawia si\u0119 w rozmowach z naszymi klientami. Oczywi\u015bcie nie dotyczy ka\u017cdego, ale je\u015bli zauwa\u017camy jej objawy, nale\u017cy reagowa\u0107 i przeciwdzia\u0142a\u0107. Powodem mo\u017ce by\u0107 to, co daje rado\u015b\u0107 z u\u017cywania produkt\u00f3w do w\u0142os\u00f3w &#8211; zapach. Lubimy, kiedy szampony i od\u017cywki pi\u0119knie pachn\u0105, bo zmys\u0142owa nuta dodaje im szlachetno\u015bci, ale bywa, \u017ce nie jest ona przez nas dobrze tolerowana<\/em> \u2013 m\u00f3wi <strong>Tomasz Schmidt, mistrz koloryzacji, wsp\u00f3\u0142za\u0142o\u017cyciel salon\u00f3w WS Academy<\/strong>. <em>Kiedy przyszed\u0142 czas, w kt\u00f3rym budowali\u015bmy z Andrzejem w\u0142asn\u0105 mark\u0119 kosmetyczn\u0105, wiedzieli\u015bmy, \u017ce musz\u0105 si\u0119 w niej znale\u017a\u0107 r\u00f3wnie\u017c produkty bezzapachowe \u2013 zar\u00f3wno szampony, jak i od\u017cywki. I tak te\u017c si\u0119 sta\u0142o. W naszych bezzapachowych eliksirach i esencjach nie ma te\u017c SLS\u00f3w oraz paraben\u00f3w, dzi\u0119ki czemu mog\u0105 po nie si\u0119ga\u0107 najbardziej wymagaj\u0105cy \u2013 <\/em>dodaje.<\/p>\n<h2 style=\"text-align: justify;\"><strong>SLS i parabeny \u2013 czy jest si\u0119 czego ba\u0107?<\/strong><\/h2>\n<p style=\"text-align: justify;\">Parabeny wykorzystuje si\u0119 w kosmetyce ze wzgl\u0119du na swoje w\u0142a\u015bciwo\u015bci konserwuj\u0105ce, natomiast SLSy to detergenty, kt\u00f3re silnie odt\u0142uszczaj\u0105 sk\u00f3r\u0119 i usuwaj\u0105 z w\u0142os\u00f3w ci\u0119\u017csze kosmetyki, takie jak lakiery czy pianki. W opinii ameryka\u0144skiego Cosmetic Ingredient Review SLS jest uznany za substancj\u0119 bezpieczn\u0105, niemniej istotnym jest oczywi\u015bcie sama jako\u015b\u0107 tego sk\u0142adnika oraz jego st\u0119\u017cenie. W obliczu narastaj\u0105cych problem\u00f3w sk\u00f3rnych rzeczywi\u015bcie jednak niekt\u00f3re osoby po ich u\u017cyciu mog\u0105 odczuwa\u0107 dyskomfort przesuszenia, dlatego podczas zakup\u00f3w powinny one zwr\u00f3ci\u0107 szczeg\u00f3ln\u0105 uwag\u0119 na etykiety i to, czy takie komponenty si\u0119 tam znajduj\u0105. Na p\u00f3\u0142ce sklepowej mo\u017cna bowiem coraz cz\u0119\u015bciej spotka\u0107 produkty bez SLS\u00f3w, paraben\u00f3w oraz substancji zapachowych. S\u0105 one bezpieczne dla alergik\u00f3w, kobiet ci\u0119\u017carnych oraz matek karmi\u0105cych, a tak\u017ce dla najm\u0142odszych, czyli po prostu mo\u017ce je stosowa\u0107 ka\u017cdy.<\/p>\n<h2 style=\"text-align: justify;\"><strong>Bez zapachu, ale nie bez potencja\u0142u<\/strong><\/h2>\n<p style=\"text-align: justify;\">Kosmetyk bez zapachu czy innych substancji dra\u017cni\u0105cych jest nie tylko bezpieczny ale i uniwersalny. W dobie minimalizmu i ekologii doskonale wpisuje si\u0119 w nurt stosowania jednego produktu przez ca\u0142\u0105 rodzin\u0119, bez wzgl\u0119du na wiek i p\u0142e\u0107. Pozwala r\u00f3wnie\u017c unikn\u0105\u0107 efektu \u0142\u0105czenia si\u0119 r\u00f3\u017cnych aromat\u00f3w, jakie towarzysz\u0105 nam na co dzie\u0144. &#8211; <em>Bior\u0105c poranny prysznic u\u017cywamy myd\u0142a, potem balsamu do cia\u0142a, kremu, perfum i w ko\u0144cu, wychodz\u0105c z \u0142azienki, ci\u0105gnie si\u0119 za nami chmura r\u00f3\u017cnych, wymieszanych zapach\u00f3w, czasem bardzo dziwnych. Lepiej je\u015bli otula nas jeden, wiod\u0105cy zapach. Seria bezzapachowa w naszej linii kosmetycznej zosta\u0142a skomponowana tak, \u017ce np. do od\u017cywczej esencji mo\u017cna doda\u0107 swoich ulubionych perfum, co nie spowoduje \u017cadnej zmiany w jej w\u0142a\u015bciwo\u015bciach \u2013 <\/em>przekonuje <strong>Andrzej Wierzbicki, stylista fryzur, wsp\u00f3\u0142za\u0142o\u017cyciel marki profesjonalnych kosmetyk\u00f3w WS Academy.<\/strong><\/p>\n<p style=\"text-align: justify;\">Szukaj\u0105c recepty na pi\u0119kne w\u0142osy nie pominiemy dba\u0142o\u015bci o sk\u00f3r\u0119 g\u0142owy, bo zdrowa sk\u00f3ra determinuje wygl\u0105d i kondycj\u0119 ka\u017cdej fryzury. Zwracajmy zatem uwag\u0119 na jej potrzeby oraz obserwujmy reakcje na stosowane kosmetyki. Wybierajmy je \u015bwiadomie i nie dajmy si\u0119 podczas zakup\u00f3w wodzi\u0107 tylko za nos.<\/p>\n<p><img src=\"https:\/\/biuroprasowe.netpr.pl\/prstats.po?p=380487\" border=\"0\" \/><\/p>\n","protected":false},"excerpt":{"rendered":"<p>Pi\u0119kne oraz zdrowe w\u0142osy to jeden z najwi\u0119kszych atut\u00f3w urody i tym samym marzenie wi\u0119kszo\u015bci os\u00f3b. Czasem jednak droga do idealnej fryzury nie jest \u0142atwa, bo mimo szerokiej oferty kosmetyk\u00f3w piel\u0119gnacyjnych, wcale nie jest \u0142atwo znale\u017a\u0107 najlepsze dla siebie. Bywa, [&hellip;]<\/p>\n","protected":false},"author":6,"featured_media":6348,"comment_status":"open","ping_status":"open","sticky":false,"template":"","format":"standard","meta":[],"categories":[50],"tags":[],"aioseo_notices":[],"_links":{"self":[{"href":"https:\/\/dotrelations.pl\/news\/wp-json\/wp\/v2\/posts\/5711"}],"collection":[{"href":"https:\/\/dotrelations.pl\/news\/wp-json\/wp\/v2\/posts"}],"about":[{"href":"https:\/\/dotrelations.pl\/news\/wp-json\/wp\/v2\/types\/post"}],"author":[{"embeddable":true,"href":"https:\/\/dotrelations.pl\/news\/wp-json\/wp\/v2\/users\/6"}],"replies":[{"embeddable":true,"href":"https:\/\/dotrelations.pl\/news\/wp-json\/wp\/v2\/comments?post=5711"}],"version-history":[{"count":3,"href":"https:\/\/dotrelations.pl\/news\/wp-json\/wp\/v2\/posts\/5711\/revisions"}],"predecessor-version":[{"id":6350,"href":"https:\/\/dotrelations.pl\/news\/wp-json\/wp\/v2\/posts\/5711\/revisions\/6350"}],"wp:featuredmedia":[{"embeddable":true,"href":"https:\/\/dotrelations.pl\/news\/wp-json\/wp\/v2\/media\/6348"}],"wp:attachment":[{"href":"https:\/\/dotrelations.pl\/news\/wp-json\/wp\/v2\/media?parent=5711"}],"wp:term":[{"taxonomy":"category","embeddable":true,"href":"https:\/\/dotrelations.pl\/news\/wp-json\/wp\/v2\/categories?post=5711"},{"taxonomy":"post_tag","embeddable":true,"href":"https:\/\/dotrelations.pl\/news\/wp-json\/wp\/v2\/tags?post=5711"}],"curies":[{"name":"wp","href":"https:\/\/api.w.org\/{rel}","templated":true}]}}