{"id":5131,"date":"2017-05-24T11:56:00","date_gmt":"2017-05-24T09:56:00","guid":{"rendered":"https:\/\/dotrelations.pl\/news\/2017\/05\/24\/znamy-reprezentanta-polski-na-mistrzostwa-europy-operatorow-2017\/"},"modified":"2018-07-12T15:32:12","modified_gmt":"2018-07-12T13:32:12","slug":"znamy-reprezentanta-polski-na-mistrzostwa-europy-operatorow-2017","status":"publish","type":"post","link":"https:\/\/dotrelations.pl\/news\/2017\/05\/24\/znamy-reprezentanta-polski-na-mistrzostwa-europy-operatorow-2017\/","title":{"rendered":"Znamy reprezentanta Polski na Mistrzostwa Europy Operator\u00f3w 2017"},"content":{"rendered":"<p><strong>Bart\u0142omiej Grzybek \u2013 w\u0142a\u015bciciel gospodarstwa z gminy Tarn\u00f3wka, b\u0119dzie reprezentowa\u0142 Polsk\u0119 na Mistrzostwach Europy Operator\u00f3w, <\/strong><strong>kt\u00f3re odb\u0119d\u0105 si\u0119 ju\u017c w czerwcu na torze wy\u015bcigowym we Francji. W poniedzia\u0142ek 22 maja br. odby\u0142a si\u0119 prezentacja polskiego reprezentanta w siedzibie John Deere Polska w Tarnowie Podg\u00f3rnym ko\u0142o Poznania. <\/strong><\/p>\n<p>Precyzja, niezawodno\u015b\u0107, do\u015bwiadczenie \u2013 mi\u0119dzy innymi te cechy b\u0119d\u0105 potrzebne, aby wygra\u0107 Mistrzostwa Europy Operator\u00f3w, kt\u00f3re organizuj\u0105 firma Michelin i John Deere. Wydarzenie odb\u0119dzie si\u0119 w dniach 13-15 czerwca 2017r. na torze testowym Michelin Ladoux w Clermont-Ferrand. Zawody zostan\u0105 podzielone na cztery kategorie: pr\u0119dko\u015b\u0107, \u0142atwo\u015b\u0107 prowadzenia, wydajno\u015b\u0107, zag\u0119szczenie gleby. Operatorzy b\u0119d\u0105 rywalizowa\u0107 najnowszymi ci\u0105gnikami John Deere\u2019a 6250R. Mistrzostwa maj\u0105 na celu nie tylko wy\u0142oni\u0107 najlepszego operatora, ale i pokaza\u0107, \u017ce mimo wysokiego poziomu technologii, wci\u0105\u017c umiej\u0119tno\u015bci kierowcy oraz odpowiedni dob\u00f3r takich parametr\u00f3w, jak ci\u015bnienie w oponach czy wysoko\u015b\u0107 obrot\u00f3w maj\u0105 du\u017cy wp\u0142yw na wydajno\u015b\u0107 ci\u0105gnika i jego osi\u0105gi. W mistrzostwach uczestniczy\u0107 b\u0119d\u0105 przedstawiciele 13 kraj\u00f3w, kt\u00f3rzy uzyskali w drodze g\u0142osowania internetowego najwi\u0119ksz\u0105 liczb\u0119 g\u0142os\u00f3w. W Polsce, zdecydowanym zwyci\u0119zc\u0105 okaza\u0142 si\u0119 w\u0142a\u015bciciel gospodarstwa rolnego o powierzchni 200ha w gminie Tarn\u00f3wka w woj. Wielkopolskim, Pan Bart\u0142omiej Grzybek.<\/p>\n<p>&#8211; <em>Cieszymy si\u0119, \u017ce g\u0142osowanie spotka\u0142o si\u0119 z tak du\u017cym zainteresowaniem rolnik\u00f3w. Przed Panem Bart\u0142omiejem du\u017ce wyzwanie, ale i \u017cyciowa szansa, w kt\u00f3rej liczy\u0107 b\u0119dzie si\u0119 odpowiednie opracowanie strategii \u0142\u0105cz\u0105cej pr\u0119dko\u015b\u0107 jazdy oraz niskie zu\u017cycie paliwa i minimalne ugniatanie gleby. Z uwag\u0105 b\u0119dziemy \u015bledzi\u0107 poczynania naszego reprezentanta i odpowiednio go do tych zmaga\u0144 przygotujemy, aby osi\u0105gn\u0105\u0142 jak najwy\u017csze miejsce<\/em> \u2013 m\u00f3wi <strong>M<\/strong><strong>iros\u0142aw<\/strong> <strong>Leszczy\u0144ski Prezes Zarz\u0105du, Dyrektor Generalny John Deere Polska<\/strong>.<\/p>\n<h2><strong>Z rolnictwem zwi\u0105zany od dzieci\u0144stwa<\/strong><\/h2>\n<p>Bart\u0142omiej zaczyna\u0142 swoj\u0105 przygod\u0119 z rolnictwem ju\u017c jako kilkuletni ch\u0142opiec, pod czujnym okiem swoich rodzic\u00f3w, a zw\u0142aszcza ojca Eugeniusza, kt\u00f3ry wprowadza\u0142 go w pierwsze tajniki rolnictwa. W momencie osi\u0105gni\u0119cia pe\u0142noletno\u015bci, rodzice przepisali mu pierwsze hektary ziemi i od tego momentu zacz\u0105\u0142 ju\u017c sam decydowa\u0107 o tym, w jakim kierunku b\u0119dzie si\u0119 rozwija\u0107 jego gospodarstwo. A co interesuje go najbardziej w tej dziedzinie?<\/p>\n<p>&#8211; <em>W rolnictwie bardzo interesuj\u0105ce s\u0105 wszystkie nowoczesne rozwi\u0105zania, kt\u00f3re wprowadzaj\u0105 producenci, takie jak: monitorowanie wydajno\u015bci, aktywna kontrola za\u0142adunku czy zdalna naprawa maszyny. Wszystko, aby jeszcze bardziej zoptymalizowa\u0107 dzia\u0142ania na polu. Sam staram si\u0119, aby w moim gospodarstwie tych innowacji by\u0142o jak najwi\u0119cej. Rozwijanie wiedzy, dokszta\u0142canie si\u0119, szukanie nowoczesnych system\u00f3w, to cz\u0119\u015b\u0107 mojej codziennej pracy <\/em>\u2013 m\u00f3wi.<\/p>\n<h2><strong>Poza rolnictwem \u2013 na pomoc innym<\/strong><\/h2>\n<p>Poza prac\u0105 w gospodarstwie po\u015bwi\u0119ca si\u0119 pracy w Ochotniczej Stra\u017cy Po\u017carnej w Tarn\u00f3wce, gdzie s\u0142u\u017cy ju\u017c 15 lat i obecnie jest prezesem jednostki. To jego pasja, kt\u00f3ra pozwala mu pomaga\u0107 innym, bior\u0105c udzia\u0142 w akcjach ratowniczych oraz m.in. u\u015bwiadamiaj\u0105c ludziom o konieczno\u015bci i sposobach obrony przed po\u017carami oraz przygotowaniu ich do udzia\u0142u w ochronie przeciwpo\u017carowej. W wolnych chwilach od pracy, ca\u0142\u0105 swoj\u0105 uwag\u0119 po\u015bwi\u0119ca na wychowanie, wraz z \u017con\u0105 Anit\u0105, rocznej c\u00f3reczki Zuzanny.<\/p>\n<h2><strong>Co czeka go we Francji?<\/strong><\/h2>\n<p>Na Pana Bart\u0142omieja we Francji czeka wiele atrakcji. Przed zawodnikami szereg wymagaj\u0105cych konkurencji. Opr\u00f3cz samej rywalizacji, uczestnicy mistrzostw, b\u0119d\u0105 mieli mo\u017cliwo\u015b\u0107 odbycia szkolenia z optymalizacji ci\u0105gnika, prowadzone przez ekspert\u00f3w John Deere i Michelin. A wszystko odb\u0119dzie si\u0119 na nowym ci\u0105gniku 6250R z CommandPRO, kt\u00f3ry poszerzy ofert\u0119 John Deere w 2017r. Nie pozostaje zatem nic innego jak trzymanie kciuk\u00f3w za polskiego reprezentanta.<\/p>\n<p><img src=\"https:\/\/biuroprasowe.netpr.pl\/prstats.po?p=356198\" border=\"0\" \/><\/p>\n","protected":false},"excerpt":{"rendered":"<p>Bart\u0142omiej Grzybek \u2013 w\u0142a\u015bciciel gospodarstwa z gminy Tarn\u00f3wka, b\u0119dzie reprezentowa\u0142 Polsk\u0119 na Mistrzostwach Europy Operator\u00f3w, kt\u00f3re odb\u0119d\u0105 si\u0119 ju\u017c w czerwcu na torze wy\u015bcigowym we Francji. W poniedzia\u0142ek 22 maja br. odby\u0142a si\u0119 prezentacja polskiego reprezentanta w siedzibie John Deere [&hellip;]<\/p>\n","protected":false},"author":4,"featured_media":5132,"comment_status":"open","ping_status":"open","sticky":false,"template":"","format":"standard","meta":[],"categories":[48],"tags":[],"aioseo_notices":[],"_links":{"self":[{"href":"https:\/\/dotrelations.pl\/news\/wp-json\/wp\/v2\/posts\/5131"}],"collection":[{"href":"https:\/\/dotrelations.pl\/news\/wp-json\/wp\/v2\/posts"}],"about":[{"href":"https:\/\/dotrelations.pl\/news\/wp-json\/wp\/v2\/types\/post"}],"author":[{"embeddable":true,"href":"https:\/\/dotrelations.pl\/news\/wp-json\/wp\/v2\/users\/4"}],"replies":[{"embeddable":true,"href":"https:\/\/dotrelations.pl\/news\/wp-json\/wp\/v2\/comments?post=5131"}],"version-history":[{"count":3,"href":"https:\/\/dotrelations.pl\/news\/wp-json\/wp\/v2\/posts\/5131\/revisions"}],"predecessor-version":[{"id":6199,"href":"https:\/\/dotrelations.pl\/news\/wp-json\/wp\/v2\/posts\/5131\/revisions\/6199"}],"wp:featuredmedia":[{"embeddable":true,"href":"https:\/\/dotrelations.pl\/news\/wp-json\/wp\/v2\/media\/5132"}],"wp:attachment":[{"href":"https:\/\/dotrelations.pl\/news\/wp-json\/wp\/v2\/media?parent=5131"}],"wp:term":[{"taxonomy":"category","embeddable":true,"href":"https:\/\/dotrelations.pl\/news\/wp-json\/wp\/v2\/categories?post=5131"},{"taxonomy":"post_tag","embeddable":true,"href":"https:\/\/dotrelations.pl\/news\/wp-json\/wp\/v2\/tags?post=5131"}],"curies":[{"name":"wp","href":"https:\/\/api.w.org\/{rel}","templated":true}]}}