{"id":11899,"date":"2026-01-05T09:08:47","date_gmt":"2026-01-05T08:08:47","guid":{"rendered":"https:\/\/dotrelations.pl\/news\/?p=11899"},"modified":"2026-01-05T09:53:15","modified_gmt":"2026-01-05T08:53:15","slug":"jak-gospodarstwa-wykorzystuja-zimowa-przerwe-na-analize-danych","status":"publish","type":"post","link":"https:\/\/dotrelations.pl\/news\/2026\/01\/05\/jak-gospodarstwa-wykorzystuja-zimowa-przerwe-na-analize-danych\/","title":{"rendered":"Zima to dla rolnik\u00f3w najlepszy sezon\u2026 na edukacj\u0119"},"content":{"rendered":"<ul>\n<li><b>Zim\u0105 nie wszyscy rolnicy zwalniaj\u0105 tempo \u2013 wykorzystuj\u0105 ten czas na intensywny samorozw\u00f3j.<\/b><\/li>\n<li><strong>Dealerzy John Deere \u2013 Agro-Sie\u0107 Maszyny, Wanicki Agro i Agro-Efekt \u2013 proponuj\u0105 w tym roku zimowe cykle szkole\u0144, kt\u00f3re przyci\u0105gaj\u0105 setki rolnik\u00f3w.<\/strong><\/li>\n<li><strong>Na gospodarzy czeka ca\u0142y wachlarz spotka\u0144 \u2013 od om\u00f3wienia najnowszych rozwi\u0105za\u0144 w kombajnach przez szkolenia z efektywnego planowania nowego sezonu i z opcji dofinansowa\u0144 po spotkania typowo integracyjne.<\/strong><\/li>\n<\/ul>\n<p>&nbsp;<\/p>\n<p><span style=\"font-weight: 400;\">\u2013 <\/span><i><span style=\"font-weight: 400;\">Jeste\u015bmy w trakcie realizacji kolejnej edycji Agro Deere Night \u2013 cyklu wydarze\u0144 po\u015bwi\u0119conych najnowszym rozwi\u0105zaniom w zakresie kombajn\u00f3w serii T, S, X. W tym roku wydarzenia te maj\u0105 szczeg\u00f3lny wymiar \u2013 opr\u00f3cz prezentacji kombajn\u00f3w i technologii rolnictwa precyzyjnego, koncentrujemy si\u0119 r\u00f3wnie\u017c na <\/span><\/i><b><i>aktualnych mo\u017cliwo\u015bciach pozyskiwania dotacji oraz profesjonalnym wsparciu w procesie sk\u0142adania wniosk\u00f3w o dofinansowanie<\/i><\/b><i><span style=\"font-weight: 400;\">. Kilka spotka\u0144 mamy ju\u017c za sob\u0105 i cieszymy si\u0119 bardzo pozytywnym odbiorem ze strony uczestnik\u00f3w. \u0141\u0105cznie zaplanowali\u015bmy 8 wydarze\u0144, a \u015brednia frekwencja na ka\u017cdym z nich wynosi oko\u0142o 100 os\u00f3b! <\/span><\/i><b><i>S\u0105 to zar\u00f3wno obecni klienci, jak i rolnicy aktywnie zainteresowani inwestycjami w nowoczesne technologie.<\/i><\/b><i><span style=\"font-weight: 400;\"> Wierzymy, \u017ce trwaj\u0105ca seria spotka\u0144 Agro Deere Night stanowi doskona\u0142\u0105 okazj\u0119 do pog\u0142\u0119biania wsp\u00f3\u0142pracy oraz zwi\u0119kszania \u015bwiadomo\u015bci w zakresie innowacyjnych rozwi\u0105za\u0144 dla gospodarstw rolnych<\/span><\/i><span style=\"font-weight: 400;\"> \u2013 m\u00f3wi Marta \u0106wikli\u0144ska, kierownik marketingu w Agro-Sie\u0107 Maszyny<\/span><\/p>\n<p><span style=\"font-weight: 400;\">Sporo rolnik\u00f3w zacz\u0119\u0142o tegoroczny sezon na edukacj\u0119 ju\u017c w listopadzie. <\/span><\/p>\n<p><span style=\"font-weight: 400;\">\u2013 <\/span><i><span style=\"font-weight: 400;\">W listopadzie oraz grudniu firma Wanicki zorganizowa\u0142a <\/span><\/i><b><i>cykl szkole\u0144 z aplikacji John Deere Operations Center oraz One Soil<\/i><\/b><i><span style=\"font-weight: 400;\">. Nasi specjali\u015bci odwiedzili 6 oddzia\u0142\u00f3w w r\u00f3\u017cnych miejscach Polski, gdzie pokazano klientom korzy\u015bci p\u0142yn\u0105ce z u\u017cywania technologii rolnictwa precyzyjnego. Spotkania mia\u0142y charakter prezentacji po\u0142\u0105czonej z warsztatami, gdzie na prawdziwym przyk\u0142adzie demonstrowali\u015bmy mo\u017cliwo\u015bci obu aplikacji, a nast\u0119pnie <\/span><\/i><b><i>rozwi\u0105zywali\u015bmy zadania, kt\u00f3rych tre\u015b\u0107 r\u00f3wnie\u017c odnosi\u0142a si\u0119 do codziennej pracy na roli<\/i><\/b><i><span style=\"font-weight: 400;\">. Osoby bior\u0105ce udzia\u0142 w szkoleniu mia\u0142y okazj\u0119 nauczy\u0107 si\u0119 m.in. jak monitorowa\u0107 maszyny i ich parametry, analizowa\u0107 pola i dane pochodz\u0105ce z pracy, a tak\u017ce jak tworzy\u0107 mapy zmiennego wysiewu oraz dawkowania. Spotkania zamyka\u0142y sesje Q&amp;A, podczas kt\u00f3rych rolnicy mogli zadawa\u0107 pytania odno\u015bnie do dzia\u0142ania technologii. Czujemy, \u017ce dzi\u0119ki takim szkoleniom realnie ro\u015bnie \u015bwiadomo\u015b\u0107 klient\u00f3w, jak mog\u0105 w codziennej pracy wykorzysta\u0107 cyfrowe technologie<\/span><\/i><span style=\"font-weight: 400;\"> \u2013 m\u00f3wi Aleksandra B\u0105k, Specjalista John Deere Operations Center w Wanicki Agro.<\/span><\/p>\n<p><span style=\"font-weight: 400;\">Dealerzy patrz\u0105 te\u017c na edukacj\u0119 bran\u017cy bardzo szeroko i d\u0142ugodystansowo. Agro-Efekt przewidzia\u0142 spotkania w oddziale maszynowym w Sycowie specjalnie dla szk\u00f3\u0142.<\/span><span style=\"font-weight: 400;\"><br \/>\n<\/span><span style=\"font-weight: 400;\">\u2013<\/span><i><span style=\"font-weight: 400;\"> W listopadzie opowiadali\u015bmy uczniom o \u015bcie\u017ckach kariery w rolnictwie, prezentowali\u015bmy nowoczesne maszyny, przybli\u017cali\u015bmy nowinki ze \u015bwiata nowoczesnych technologii. W skr\u00f3cie \u2013 <\/span><\/i><b><i>starali\u015bmy si\u0119, \u017ceby m\u0142odzi za\u0142apali rolniczego bakcyla<\/i><\/b><span style=\"font-weight: 400;\"> \u2013 wspomina Ilona Walczak, Marketing Manager w Agro-Efekt.<\/span><\/p>\n<p><span style=\"font-weight: 400;\">Agro-Efekt w nowym roku nie zwalnia tempa, ale tym razem zwr\u00f3ci si\u0119 do profesjonalist\u00f3w.<\/span><\/p>\n<p><span style=\"font-weight: 400;\">\u2013 <\/span><i><span style=\"font-weight: 400;\">W styczniu organizujemy kompleksowe szkolenia dla zaproszonych klient\u00f3w, \u0142\u0105cz\u0105ce wiedz\u0119 produktow\u0105, nowo\u015bci techniczne oraz doradztwo dzia\u0142u agro. <\/span><\/i><b><i>Skupimy si\u0119 na ca\u0142o\u015bciowym przygotowaniu gospodarstw do nadchodz\u0105cego sezonu, damy mn\u00f3stwo konkretnych, praktycznych wskaz\u00f3wek dotycz\u0105cych optymalizacji pracy i doboru rozwi\u0105za\u0144.<\/i><\/b><i><span style=\"font-weight: 400;\"> W lutym z kolei po\u015bwi\u0119cimy wi\u0119cej uwagi stricte rolnictwu precyzyjnemu oraz korzystaniu z system\u00f3w zarz\u0105dzania danymi<\/span><\/i><span style=\"font-weight: 400;\"> \u2013 wymienia Ilona Walczak, Marketing Manager w Agro Efekt.<\/span><\/p>\n<p><span style=\"font-weight: 400;\">Agro-Efekt stawia te\u017c na integracj\u0119, biznesowy networking i wymian\u0119 do\u015bwiadcze\u0144. Na pocz\u0105tku grudnia zorganizowa\u0142 spotkanie \u015bwi\u0105teczne z klientami w Sycowie, a w lutym szykuje si\u0119 na wielki Bal Karnawa\u0142owy.<\/span><\/p>\n<p>&nbsp;<\/p>\n<p><span style=\"font-weight: 400;\">\u2013 <\/span><i><span style=\"font-weight: 400;\">Wsp\u00f3\u0142czesny rolnik, kt\u00f3remu zale\u017cy na efektywnym prowadzeniu swojego gospodarstwa, nie osiada na laurach. \u015awietnie widzimy to po naszych klientach. Wiedz\u0105, \u017ce umiej\u0119tno\u015b\u0107 m\u0105drego gromadzenia danych, a p\u00f3\u017aniej ich odpowiedniej interpretacji, jest dzisiaj kluczem do sukcesu. Rolnicy ch\u0119tnie wi\u0119c si\u0119 szkol\u0105 i wykorzystuj\u0105 okres zimowy, z natury troch\u0119 spokojniejszy, \u017ceby zainwestowa\u0107 w kompetencje jutra. <\/span><\/i><b><i>Iskr\u0105 do zmian w gospodarstwie zawsze bowiem jest sam gospodarz<\/i><\/b> <span style=\"font-weight: 400;\">\u2013 podsumowuje <\/span><span style=\"font-weight: 400;\">Patrycja Miko\u0142ajczak, Shows &amp; Events Coordinator z John Deere.<\/span><\/p>\n","protected":false},"excerpt":{"rendered":"<p>Zim\u0105 nie wszyscy rolnicy zwalniaj\u0105 tempo \u2013 wykorzystuj\u0105 ten czas na intensywny samorozw\u00f3j. Dealerzy John Deere \u2013 Agro-Sie\u0107 Maszyny, Wanicki Agro i Agro-Efekt \u2013 proponuj\u0105 w tym roku zimowe cykle szkole\u0144, kt\u00f3re przyci\u0105gaj\u0105 setki rolnik\u00f3w. Na gospodarzy czeka ca\u0142y wachlarz [&hellip;]<\/p>\n","protected":false},"author":4,"featured_media":11904,"comment_status":"closed","ping_status":"open","sticky":false,"template":"","format":"standard","meta":[],"categories":[48,51],"tags":[],"aioseo_notices":[],"_links":{"self":[{"href":"https:\/\/dotrelations.pl\/news\/wp-json\/wp\/v2\/posts\/11899"}],"collection":[{"href":"https:\/\/dotrelations.pl\/news\/wp-json\/wp\/v2\/posts"}],"about":[{"href":"https:\/\/dotrelations.pl\/news\/wp-json\/wp\/v2\/types\/post"}],"author":[{"embeddable":true,"href":"https:\/\/dotrelations.pl\/news\/wp-json\/wp\/v2\/users\/4"}],"replies":[{"embeddable":true,"href":"https:\/\/dotrelations.pl\/news\/wp-json\/wp\/v2\/comments?post=11899"}],"version-history":[{"count":7,"href":"https:\/\/dotrelations.pl\/news\/wp-json\/wp\/v2\/posts\/11899\/revisions"}],"predecessor-version":[{"id":11907,"href":"https:\/\/dotrelations.pl\/news\/wp-json\/wp\/v2\/posts\/11899\/revisions\/11907"}],"wp:featuredmedia":[{"embeddable":true,"href":"https:\/\/dotrelations.pl\/news\/wp-json\/wp\/v2\/media\/11904"}],"wp:attachment":[{"href":"https:\/\/dotrelations.pl\/news\/wp-json\/wp\/v2\/media?parent=11899"}],"wp:term":[{"taxonomy":"category","embeddable":true,"href":"https:\/\/dotrelations.pl\/news\/wp-json\/wp\/v2\/categories?post=11899"},{"taxonomy":"post_tag","embeddable":true,"href":"https:\/\/dotrelations.pl\/news\/wp-json\/wp\/v2\/tags?post=11899"}],"curies":[{"name":"wp","href":"https:\/\/api.w.org\/{rel}","templated":true}]}}