{"id":11770,"date":"2025-09-05T15:00:42","date_gmt":"2025-09-05T13:00:42","guid":{"rendered":"https:\/\/dotrelations.pl\/news\/?p=11770"},"modified":"2025-09-05T15:00:42","modified_gmt":"2025-09-05T13:00:42","slug":"deere-company-oglasza-kluczowe-zmiany-w-kierownictwie","status":"publish","type":"post","link":"https:\/\/dotrelations.pl\/news\/2025\/09\/05\/deere-company-oglasza-kluczowe-zmiany-w-kierownictwie\/","title":{"rendered":"Deere &#038; Company og\u0142asza kluczowe zmiany w kierownictwie"},"content":{"rendered":"<ul>\n<li aria-level=\"1\"><b>Poznali\u015bmy nazwiska 3 nowych prezes\u00f3w dzia\u0142\u00f3w firmy Deere.\u00a0<\/b><\/li>\n<\/ul>\n<ul>\n<li aria-level=\"1\"><b>John May, prezes\u00a0 i dyrektor generalny Deere &amp; Company wskazuje na powody ich powo\u0142ania oraz dalszy udzia\u0142 prezes\u00f3w w rozwijaniu strategii firmy.\u00a0<\/b><\/li>\n<\/ul>\n<p><i><span style=\"font-weight: 400;\">MOLINE, Illinois, 2 wrze\u015bnia 2025 r. <\/span><\/i><span style=\"font-weight: 400;\">\u2014 Firma Deere &amp; Company og\u0142osi\u0142a\u00a0 kluczowe zmiany w kierownictwie w ramach dalszego rozwoju swojej strategii Smart Industrial\u00a0 Strategy, kt\u00f3rej celem jest dostarczanie inteligentnych, po\u0142\u0105czonych maszyn i rozwi\u0105za\u0144 zwi\u0119kszaj\u0105cych warto\u015b\u0107 ekonomiczn\u0105 dla klient\u00f3w.\u00a0<\/span><\/p>\n<p><span style=\"font-weight: 400;\">\u2013 <\/span><i><span style=\"font-weight: 400;\">Koncentrujemy si\u0119 na budowaniu do\u015bwiadczonego, zorientowanego na cel zespo\u0142u kierowniczego, kt\u00f3ry jest zaanga\u017cowany w pomna\u017canie sukces\u00f3w naszych klient\u00f3w<\/span><\/i><span style=\"font-weight: 400;\"> \u2013 powiedzia\u0142 <\/span><b>John May, prezes\u00a0 i dyrektor generalny Deere &amp; Company.<\/b><span style=\"font-weight: 400;\"> \u2013 <\/span><i><span style=\"font-weight: 400;\">Ka\u017cdy z tych lider\u00f3w wnosi bogate do\u015bwiadczenie, wsp\u00f3ln\u0105 wizj\u0119 innowacji i g\u0142\u0119bokie zaanga\u017cowanie w dostarczanie warto\u015bci naszym klientom na ca\u0142ym \u015bwiecie.\u00a0<\/span><\/i><\/p>\n<p><span style=\"font-weight: 400;\">Z dniem 3 listopada <\/span><b>Deanna Kovar<\/b><span style=\"font-weight: 400;\"> zosta\u0142a mianowana prezesem Worldwide Agriculture &amp; Turf Division: Production and Precision Ag, a tak\u017ce rynk\u00f3w Ameryki i Australii. Na tym stanowisku b\u0119dzie odpowiedzialna za g\u0142\u00f3wne rozwi\u0105zania sprz\u0119towe i technologiczne dotycz\u0105ce najwi\u0119kszych maszyn rolniczych, w tym du\u017cych ci\u0105gnik\u00f3w, a tak\u017ce sprz\u0119tu do zbior\u00f3w i piel\u0119gnacji upraw. Kovar by\u0142a wcze\u015bniej prezesem dzia\u0142u Small Ag &amp; Turf firmy Deere.\u00a0<\/span><\/p>\n<p><b>Justin Rose<\/b><span style=\"font-weight: 400;\"> obejmie stanowisko prezesa dzia\u0142u Worldwide Agriculture &amp; Turf: Small Agriculture and Turf, obejmuj\u0105cego rynki Europy, Afryki i Azji. Rose b\u0119dzie odpowiedzialny za rozwi\u0105zania sprz\u0119towe i technologiczne dotycz\u0105ce \u015brednich ci\u0105gnik\u00f3w, ci\u0105gnik\u00f3w kompaktowych oraz sprz\u0119tu zielonkowego, a tak\u017ce maszyn do piel\u0119gnacji teren\u00f3w zielonych. Poprzednio Justin Rose pe\u0142ni\u0142 funkcj\u0119 prezesa Lifecycle Solutions, Supply Management i Customer Success firmy Deere.\u00a0<\/span><\/p>\n<p><span style=\"font-weight: 400;\">Ponadto <\/span><b>Cory Reed<\/b><span style=\"font-weight: 400;\"> zosta\u0142 mianowany prezesem dzia\u0142u Lifecycle Solutions, Supply Management and Customer Success. Reed b\u0119dzie zarz\u0105dza\u0142 globalnym rynkiem posprzeda\u017cowym, obs\u0142ug\u0105 klienta, \u0142a\u0144cuchem dostaw, modernizacj\u0105 precyzyjn\u0105 i inicjatywami zwi\u0105zanymi z przemianami biznesowymi firmy Deere, koncentruj\u0105c si\u0119 na dostarczaniu wyj\u0105tkowej warto\u015bci i wsparcia dla klient\u00f3w na ca\u0142ym \u015bwiecie. Wcze\u015bniej Cory Reed by\u0142 prezesem dzia\u0142u produkcji i rolnictwa precyzyjnego firmy Deere.<\/span><\/p>\n","protected":false},"excerpt":{"rendered":"<p>Poznali\u015bmy nazwiska 3 nowych prezes\u00f3w dzia\u0142\u00f3w firmy Deere.\u00a0 John May, prezes\u00a0 i dyrektor generalny Deere &amp; Company wskazuje na powody ich powo\u0142ania oraz dalszy udzia\u0142 prezes\u00f3w w rozwijaniu strategii firmy.\u00a0 MOLINE, Illinois, 2 wrze\u015bnia 2025 r. \u2014 Firma Deere &amp; [&hellip;]<\/p>\n","protected":false},"author":4,"featured_media":11773,"comment_status":"closed","ping_status":"open","sticky":false,"template":"","format":"standard","meta":[],"categories":[48,51],"tags":[],"aioseo_notices":[],"_links":{"self":[{"href":"https:\/\/dotrelations.pl\/news\/wp-json\/wp\/v2\/posts\/11770"}],"collection":[{"href":"https:\/\/dotrelations.pl\/news\/wp-json\/wp\/v2\/posts"}],"about":[{"href":"https:\/\/dotrelations.pl\/news\/wp-json\/wp\/v2\/types\/post"}],"author":[{"embeddable":true,"href":"https:\/\/dotrelations.pl\/news\/wp-json\/wp\/v2\/users\/4"}],"replies":[{"embeddable":true,"href":"https:\/\/dotrelations.pl\/news\/wp-json\/wp\/v2\/comments?post=11770"}],"version-history":[{"count":1,"href":"https:\/\/dotrelations.pl\/news\/wp-json\/wp\/v2\/posts\/11770\/revisions"}],"predecessor-version":[{"id":11775,"href":"https:\/\/dotrelations.pl\/news\/wp-json\/wp\/v2\/posts\/11770\/revisions\/11775"}],"wp:featuredmedia":[{"embeddable":true,"href":"https:\/\/dotrelations.pl\/news\/wp-json\/wp\/v2\/media\/11773"}],"wp:attachment":[{"href":"https:\/\/dotrelations.pl\/news\/wp-json\/wp\/v2\/media?parent=11770"}],"wp:term":[{"taxonomy":"category","embeddable":true,"href":"https:\/\/dotrelations.pl\/news\/wp-json\/wp\/v2\/categories?post=11770"},{"taxonomy":"post_tag","embeddable":true,"href":"https:\/\/dotrelations.pl\/news\/wp-json\/wp\/v2\/tags?post=11770"}],"curies":[{"name":"wp","href":"https:\/\/api.w.org\/{rel}","templated":true}]}}